{"provider_url": "https://camaraamericobrasiliense.sp.gov.br", "title": "Deputada M\u00e1rcia Lia visita Am\u00e9rico e garante recursos", "html": "<p><span><img src=\"https://camaraamericobrasiliense.sp.gov.br/VereadorCidoMineiroemdilogocomadeputadaesuaassessoraMara.jpg/@@images/a7600b1a-ba9f-480b-9cc7-c72026a68dd5.jpeg\" alt=\"Vereador Cid\u00e3o Mineiro em di\u00e1logo com a deputada e sua assessora Mara\" class=\"image-inline\" title=\"Vereador Cid\u00e3o Mineiro em di\u00e1logo com a deputada e sua assessora Mara\" /></span></p>\r\n<p><span>Vereador Cid\u00e3o Mineiro em di\u00e1logo com a deputada e sua assessora Mara. (Imagem: Den\u00edlson Lopes de Andrade)</span></p>\r\n<p>\u00a0</p>\r\n<p>Na manh\u00e3 da \u00faltima segunda-feira, dia 29, a deputada estadual M\u00e1rcia esteve em Am\u00e9rico Brasiliense (SP) e visitou o gabinete do vereador Cid\u00e3o Mineiro, apresentando dados de recebimentos de emenda parlamentar no valor de R$ 100 mil reais para o setor da Sa\u00fade de Am\u00e9rico, ainda neste ano de 2021. A deputada informou tamb\u00e9m que outros R$ 250 mil reais vir\u00e3o at\u00e9 o ano que vem, para infraestrutura de uma pra\u00e7a localizada na Alameda Central com a rua Benedito C\u00edndio no Bairro Santa Terezinha.</p>\r\n<p><img src=\"https://camaraamericobrasiliense.sp.gov.br/PrefeitoDirceuPanoviceprefeitoLuzimarvereadorCidoMineiroedeputadaMarciaLiaeassessores.jpg/@@images/a9e69120-76dd-4491-9c5a-f2adfb1087ec.jpeg\" alt=\"Prefeito Dirceu Pano, vice-prefeito Luzimar, vereador Cid\u00e3o Mineiro e deputada Marcia Lia e assessores\" class=\"image-inline\" title=\"Prefeito Dirceu Pano, vice-prefeito Luzimar, vereador Cid\u00e3o Mineiro e deputada Marcia Lia e assessores\" /></p>\r\n<p>Prefeito Dirceu Pano, vice-prefeito Luzimar, vereador Cid\u00e3o Mineiro e deputada Marcia Lia e assessores. (Imagem: Den\u00edlson Lopes de Andrade)</p>\r\n<p>\u00a0</p>\r\n<p>Durante \u00e0 visita que foi acompanhada por sua equipe de assessoria e, ladeada do vereador Cid\u00e3o Mineiro, Marcia Lia visitou o gabinete do prefeito municipal Dirceu Br\u00e1s Pano onde dialogaram por cerca de 30 minutos, na sequencia foi para \u00e0 R\u00e1dio Maranath\u00e1 FM, onde participou de uma entrevista.</p>\r\n<p>\u00a0</p>\r\n<p><img src=\"https://camaraamericobrasiliense.sp.gov.br/CidoMineiroMarciaLiaeJoeldaRdioMaranathFM.jpg/@@images/f252a51a-a701-41e3-ab76-5595897a198d.jpeg\" alt=\"Cid\u00e3o Mineiro, Marcia Lia e Joel da R\u00e1dio Maranath\u00e1 FM\" class=\"image-inline\" title=\"Cid\u00e3o Mineiro, Marcia Lia e Joel da R\u00e1dio Maranath\u00e1 FM\" /></p>\r\n<p>Cid\u00e3o Mineiro, Marcia Lia e Joel da R\u00e1dio Maranath\u00e1 FM</p>\r\n<p><b><br /></b></p>\r\n<p><b>Cid\u00e3o Mineiro agradece</b></p>\r\n<p>Para o legislador Cid\u00e3o Mineiro, os recursos destinados pela deputada ser\u00e3o de grande valia para sociedade de Am\u00e9rico Brasiliense. Cid\u00e3o agradeceu o apoio recebido por Marcia Lia e garantiu que mais recursos vir\u00e3o para o munic\u00edpio, atrav\u00e9s de seu trabalho em parceria com deputados.</p>\r\n<p><b>(Fonte: Assessoria de Comunica\u00e7\u00e3o da C\u00e2mara Municipal de Am\u00e9rico Brasiliense)</b></p>", "author_name": "administrador", "version": "1.0", "author_url": "https://camaraamericobrasiliense.sp.gov.br/author/administrador", "provider_name": "C\u00e2mara Municipal", "type": "rich"}