{"provider_url": "https://camaraamericobrasiliense.sp.gov.br", "title": "RESUMO DA SESS\u00c3O DO DIA 07/06", "html": "<p align=\"center\"><span><span><b>INDICA\u00c7\u00d5ES</b></span></span></p>\r\n<p align=\"center\" style=\"text-align: justify; \"><span><span><b></b></span></span><span><b>Indica\u00e7\u00e3o N\u00famero 118/2021 </b></span><span>-</span><span><b> </b></span><span><b>ALCIDES LUIS DE CARVALHO (Cid\u00e3o Mineiro): </b></span><span>seja oficiado ao Excelent\u00edssimo Sr. Prefeito Municipal, solicitando de Sua Excel\u00eancia, entrar em entendimento com o setor competente no sentido de </span><span>se construir rampa de acesso para cadeirantes na alameda central pr\u00f3xima ao n\u00ba 430 e n\u00ba 730 e tamb\u00e9m, seja constru\u00edda rampa de acesso para cadeirante na rua Augusta Aparecida dos Santos, pr\u00f3xima ao n\u00ba 310, no bairro Jardim Santa Terezinha.</span></p>\r\n<p align=\"justify\"><span><span><span><b>Indica\u00e7\u00e3o N\u00famero 119/2021 </b></span></span><span><span><b>\u2013</b></span></span><span><span><b> </b></span></span><span><span><span><span><b>DIEGO RODRIGUES DE SOUZA</b></span></span></span></span><span><span><b>:</b></span></span><span><span><span> </span></span></span><span><span><span>seja oficiado </span></span></span><span><span><span>ao Exmo. Sr. Prefeito Municipal, sobre o antigo clamor popular por realiza\u00e7\u00e3o de benfeitorias na Pra\u00e7a da Amizade, localizada no bairro Jardim Vista Alegre solicitando de S/Exa: 1. </span></span></span><span><span>Reparar as l\u00e2mpadas que n\u00e3o est\u00e3o funcionando, bem como substituir as l\u00e2mpadas com luminosidade insuficiente</span></span><span><span><span>; 2. Ampliar a quantidade de pontos de ilumina\u00e7\u00e3o, especialmente ao longo da pista de caminhada; 3. Reparar os </span></span></span><span><span>brinquedos avariados no </span></span><span><span><span>playground;</span></span></span><span><span><span><span> 4. </span></span></span></span><span><span><span><span><span>I</span></span></span></span></span><span><span><span><span>nstalar lixeiras e bancos para assento.</span></span></span></span></span></p>\r\n<p align=\"justify\"><span><span><span><span><span></span></span></span></span></span><span><b>Indica\u00e7\u00e3o N\u00famero 120/2021 </b></span><span>-</span><span><b>DIEGO RODRIGUES DE SOUZA</b></span><span><b>:</b></span><span> </span><span>seja oficiado ao Excelent\u00edssimo Sr. Prefeito Municipal, solicitando de Sua Excel\u00eancia, entrar em entendimento com o setor competente no sentido de instalar placa de \u201cProibido jogar lixo e entulho\u201d no final da Avenida Primaveras, bem como no final da Avenida das Palmeiras, ambas localizadas no bairro Jardim Primaveras.</span></p>\r\n<p align=\"justify\" class=\"western\"><span><span><span></span></span></span><span><b>Indica\u00e7\u00e3o N\u00famero </b></span><span><b>121</b></span><span><b>/2021 </b></span><span><b>\u2013</b></span><span><b> </b></span><span><b>JOS\u00c9 M\u00c1RIO SILVA DOS ANJOS (Bahia do Corte)</b></span><span><b>:</b></span><span> </span><span>seja oficiado ao Excelent\u00edssimo Sr. Prefeito Municipal, solicitando de Sua Excel\u00eancia entrar em entendimento com o setor competente, no sentido de </span><span>se realizar a pintura das faixas de estacionamento (carro e moto) ao longo da avenida Manoel Jos\u00e9 Pires.</span></p>\r\n<p align=\"justify\"><span><span><span><span><span><b>Indica\u00e7\u00e3o N\u00famero </b></span></span></span><span><span><b>122</b></span></span><span><span><span><b>/2021 \u2013 </b></span></span></span><span><span><span>-</span></span></span><span><span><span><b> </b></span></span></span><span><span><span><span><b>JOS\u00c9 M\u00c1RIO SILVA DOS ANJOS (Bahia do Corte)</b></span></span></span></span><span><span><span><b>:</b></span></span></span><span><span><span><span> </span></span></span></span><span><span><span><span>seja oficiado ao Excelent\u00edssimo Sr. Prefeito Municipal, solicitando de Sua Excel\u00eancia entrar em entendimento com o setor competente, no sentido de dar continuidade a limpeza e poda de \u00e1rvores na \u00e1rea abaixo do bairro Jardim Luiz Ometto II, pr\u00f3xima a baixada da Sadia.</span></span></span></span></span></span></p>\r\n<p align=\"justify\" class=\"western\"><span><span><b>Indica\u00e7\u00e3o N\u00famero 123/2021 \u2013</b></span></span><span><span><span><span><b>JOS\u00c9 ROBERTO DE ANDRADE</b></span></span></span></span><span><span><b>: </b></span></span><span><span><span><span>seja oficiado ao Excelent\u00edssimo Sr. Prefeito Municipal, solicitando de Sua Excel\u00eancia. entrar em entendimento com o setor competente, no sentido de se realizar a manuten\u00e7\u00e3o peri\u00f3dica em todos os aparelhos das academias ao ar livre e parquinhos existentes no munic\u00edpio.</span></span></span></span></p>\r\n<p align=\"justify\"><span><span><span><span><span><b>Indica\u00e7\u00e3o N\u00famero </b></span></span></span><span><span><b>124</b></span></span><span><span><span><b>/2021 \u2013</b></span></span></span><span><span><span><b> </b></span></span></span><span><span><span><span><b> </b></span></span></span></span><span><span><span><span><b>ALCIDES LUIS DE CARVALHO (Cid\u00e3o Mineiro)</b></span></span></span></span><span><span><b>: </b></span></span><span><span><span><span>seja oficiado ao Excelent\u00edssimo Sr. Prefeito Municipal, solicitando de Sua Excel\u00eancia, entrar em entendimento com o setor competente, no sentido de construir lombadas nas seguintes vias do Munic\u00edpio: </span></span></span></span><span><span><span>Avenida Arthur Marsilli, localizada no bairro Jardim S\u00e3o Judas, nas proximidades do ponto de \u00f4nibus e </span></span></span><span><span><span><span>Rua Toledo Pizza, localizada no bairro Jardim S\u00e3o Judas, </span></span></span></span><span><span><span><span>mais precisamente na frente da Quadra Poliesportiva \u201cJoaci Paix\u00e3o\u201d.</span></span></span></span></span></span></p>\r\n<p align=\"justify\"><span><span><span><span><b>Indica\u00e7\u00e3o N\u00famero 125/2021 - </b></span></span><span><span><span><span><b>JOS\u00c9 ROBERTO DE ANDRADE</b></span></span></span></span><span><span><b>: </b></span></span><span><span><span><span>seja oficiado ao Excelent\u00edssimo Sr. Prefeito Municipal, solicitando de Sua Excel\u00eancia, entrar em entendimento com o setor competente, no sentido de colocar gradil na Pra\u00e7a \u201cJos\u00e9 Roncalli\u201d, para prote\u00e7\u00e3o das crian\u00e7as que frequentam o local.</span></span></span></span></span></span></p>\r\n<p align=\"justify\"><span><span><span><span><b>Indica\u00e7\u00e3o N\u00famero 126/2021 </b></span></span><span><span><b>\u2013 JOS\u00c9</b></span></span><span><span><span><span><b> ROBERTO DE ANDRADE</b></span></span></span></span><span><span><b>: </b></span></span><span><span><span><span>seja oficiado ao Excelent\u00edssimo Sr. Prefeito Municipal, solicitando de Sua Excel\u00eancia. entrar em entendimento com o setor competente, no sentido de se colocar bra\u00e7o duplo de ilumina\u00e7\u00e3o nos tr\u00eas postes da pra\u00e7a localizada na rua Capit\u00e3o Alberto Mendes J\u00fanior, visando a seguran\u00e7a dos comerciantes e da popula\u00e7\u00e3o.</span></span></span></span></span></span></p>\r\n<p align=\"justify\"><span><span><span><span><b>Indica\u00e7\u00e3o N\u00famero 127/2021 \u2013</b></span></span><span><span><span><b>LEANDRO HENRIQUE MORALLES (Mancha)</b></span></span></span><span><span><span><b>: </b></span></span></span><span><span><b> </b></span></span><span><span><span><span>seja oficiado ao Excelent\u00edssimo Sr. Prefeito Municipal, solicitando de Sua Excel\u00eancia, entrar em entendimento com o setor competente, no sentido de construir uma lombada na Rua Achille Bortolo, do bairro Jardim Maria Luiza, mais precisamente na altura do n\u00famero 210.</span></span></span></span></span></span></p>\r\n<p align=\"justify\" class=\"western\"><span><span><b>Indica\u00e7\u00e3o N\u00famero</b></span></span><span><span><b> 128/2021 \u2013 </b></span></span><span><span><span><b>LEANDRO HENRIQUE MORALLES (Mancha)</b></span></span></span><span><span><b>: </b></span></span><span><span><span><b> </b></span></span></span><span><span><span><span>seja oficiado ao Excelent\u00edssimo Sr. Prefeito Municipal, solicitando de Sua Excel\u00eancia, entrar em entendimento com o setor competente, no sentido de realizar a poda das \u00e1rvores localizadas na Rua Ja\u00fa com a Avenida Araraquara, no bairro Jardim Vista Alegre, o mais breve poss\u00edvel.</span></span></span></span></p>\r\n<p align=\"justify\" class=\"western\"><span><span><b>Indica\u00e7\u00e3o N\u00famero</b></span></span><span><span><b> 129/2021 \u2013 </b></span></span><span><span><span><b>LEANDRO HENRIQUE MORALLES (Mancha)</b></span></span></span><span><span><b>: </b></span></span><span><span><span>seja oficiado ao Excelent\u00edssimo Sr. Prefeito Municipal, solicitando de Sua Excel\u00eancia, entrar em entendimento com o setor competente no sentido de realizar </span></span></span><span><span><span><span><span>opera\u00e7\u00e3o tapa-buracos na rua dos Yp\u00eas, na altura do im\u00f3vel n\u00ba 775.</span></span></span></span></span></p>\r\n<p align=\"justify\"><span><span><span><span><b>Indica\u00e7\u00e3o N\u00famero 130/2021 \u2013 </b></span></span><span><span><span><span><b>MARLY LUZIA HELD PAV\u00c3O</b></span></span></span></span><span><span><b>:</b></span></span><span><span><span> </span></span></span><span><span><span><span>seja oficiado ao Exmo. Sr. Prefeito Municipal, sugerindo que o valor do abono anivers\u00e1rio seja divido em 12 (doze) parcelas mensais, e acrescido ao vale de alimenta\u00e7\u00e3o que os servidores municipais recebem, de modo que o benef\u00edcio do abono anivers\u00e1rio seja mantido. </span></span></span></span></span></span></p>\r\n<p align=\"justify\"><span><span><span><span><b>Indica\u00e7\u00e3o N\u00famero 131/2021 \u2013 </b></span></span><span><span><span><span><b>MARLY LUZIA HELD PAV\u00c3O</b></span></span></span></span><span><span><b>: </b></span></span><span><span><span><span>seja oficiado ao Excelent\u00edssimo Sr. Prefeito Municipal, solicitando de Sua Excel\u00eancia, entrar em entendimento com o setor municipal competente, para ser enviado a esta Casa de Leis projeto de lei que autoriza a doa\u00e7\u00e3o do terreno municipal onde se encontra a sede da Associa\u00e7\u00e3o Pr\u00f3 Vida \"Francisco Toledo Piza\", visto que o pr\u00e9dio est\u00e1 necessitando de reformas urgentes, que a entidade n\u00e3o pode assumir, em face desse im\u00f3vel ter o dom\u00ednio p\u00fablico, vinculado ao patrim\u00f4nio administrativo.</span></span></span></span></span></span></p>\r\n<p align=\"justify\"><span><span><span><span><span><span></span></span></span></span></span></span><span><b>Indica\u00e7\u00e3o N\u00famero 132/2021 \u2013 </b></span><span><b>MARLY LUZIA HELD PAV\u00c3O</b></span><span><b>:</b></span><span> </span><span>seja oficiado ao Excelent\u00edssimo Sr. Prefeito Municipal, entrar em entendimento com o setor municipal competente, visando a recoloca\u00e7\u00e3o do poste de ilumina\u00e7\u00e3o que ficava na travessia da Avenida Manoel Vieira J\u00fanior ao lado do pr\u00e9dio do Grupo Do\u00e7ura, entre as Rua Gentil Prudente Correa e a SP-255.</span></p>\r\n<p align=\"justify\"><a name=\"__DdeLink__871_15960552091\"></a> <span><span><span><span><b>Indica\u00e7\u00e3o N\u00famero 133/2021 \u2013 </b></span></span><span><span><span><span><b>ROBERTO RODRIGUES JOB</b></span></span></span></span><span><span><b>:</b></span></span><span><span><span> </span></span></span><span><span><span><span>seja oficiado ao Excelent\u00edssimo Sr. Prefeito Municipal, </span></span></span></span><span><span><span><span>entrar em entendimento com o setor competente, no sentido de </span></span></span></span><span><span><span><b>construir lombadas nas seguintes vias do Munic\u00edpio: </b></span></span></span><span><span>Avenida Sumar\u00e9, localizada no </span></span><span><span><span>bairro Jardim Vista Alegre</span></span></span><span><span>, mais precisamente na altura do n\u00famero 181 e </span></span><span><span><span><span>Rua Professora Maria Aparecida Belarmino Rodrigues, localizada no bairro Jardim Novo Am\u00e9rico, </span></span></span></span><span><span><span><span>na altura do n\u00famero 714.</span></span></span></span></span></span></p>\r\n<p align=\"justify\"><span><span><span><span><b>Indica\u00e7\u00e3o N\u00famero 134/2021 \u2013 </b></span></span><span><span><span><span><b>VALDEIR BEZERRA DA SILVA (Dega)</b></span></span></span></span><span><span><b>:</b></span></span><span><span><span> </span></span></span><span><span><span><span>seja oficiado ao Excelent\u00edssimo Sr. Prefeito Municipal, solicitando de Sua Excel\u00eancia. entrar em entendimento com o setor competente, no sentido de se realizar a poda das \u00e1rvores no local onde s\u00e3o realizados os exames de autoescola e </span></span></span></span><span><span><span><span>que seja realizado reparo na ilumina\u00e7\u00e3o deste local, j\u00e1 que s\u00e3o realizadas aulas pr\u00e1ticas \u00e0 noite.</span></span></span></span></span></span></p>\r\n<p align=\"justify\"><span><span><span><span><b>Indica\u00e7\u00e3o N\u00famero 135/2021 \u2013 </b></span></span><span><span><span><span><b>VALDEIR BEZERRA DA SILVA (Dega)</b></span></span></span></span><span><span><b>:</b></span></span><span><span><span> </span></span></span><span><span><span><span>seja oficiado ao Excelent\u00edssimo Sr. Prefeito Municipal, solicitando de Sua Excel\u00eancia, entrar em entendimento com o setor competente, no sentido de </span></span></span></span><span><span><span><b>construir redutor de velocidade na Avenida Isaac Azevedo,</b></span></span></span><span><span><span><span> localizada no bairro Jardim Lu\u00eds Ometto,</span></span></span></span><span><span><span><span> </span></span></span></span><span><span><span><span>mais precisamente na altura do im\u00f3vel n\u00famero 451.</span></span></span></span></span></span></p>\r\n<p align=\"justify\">\u00a0</p>\r\n<p align=\"center\"><span><span><span><b>REQUERIMENTOS</b></span></span></span></p>\r\n<p align=\"justify\" class=\"western\"><span><span><b>Requerimento N\u00famero 067/2021 </b></span></span><span><span><b>\u2013 DIEGO RODRIGUES DE SOUZA:</b></span></span><span><span> </span></span><span><span><span>seja oficiado ao Excelent\u00edssimo Sr. </span></span></span><span><span><span><b>DIRCEU BR\u00c1S PANO</b></span></span></span><span><span><span>, Dign\u00edssimo Prefeito Municipal, solicitando de Sua Excel\u00eancia, entrar em entendimento com o setor competente, no sentido de informar a esta Casa de Leis</span></span></span><span><span><span> </span></span></span><span><span><span><span><span>quais as atuais condi\u00e7\u00f5es estruturais da ponte localizada na Alameda Aldo Lupo sobre o C\u00f3rrego Maria Mendes, bem como se a administra\u00e7\u00e3o municipal possui algu</span></span></span></span></span><span><span><span>m estudo t\u00e9cnico recente acerca do estado da referida ponte</span></span></span><span><span><span>. Em caso positivo, encaminhar c\u00f3pia.</span></span></span></p>\r\n<p align=\"justify\" class=\"western\"><span><span><b>Requerimento N\u00famero 068/2021 \u2013</b></span></span><span><span><b> </b></span></span><span><span><span><b>DIEGO RODRIGUES DE SOUZA:</b></span></span></span><span><span><span><span> </span></span></span></span><span><span><span><span>seja oficiado ao Excelent\u00edssimo Sr. DIRCEU BR\u00c1S PANO, Dign\u00edssimo Prefeito Municipal, solicitando de Sua Excel\u00eancia, entrar em entendimento com o setor competente, no sentido de enviar a esta Casa de Leis, informa\u00e7\u00f5es acerca da possibilidade de </span></span></span></span><span><span><span><span><span>executar pavimenta\u00e7\u00e3o asf\u00e1ltica no final da Rua Carlos Bortoli, localizada no bairro Jardim S\u00e3o Jos\u00e9 II, interligando-a \u00e0 Rua Am\u00e1bile Mariani Furlan.</span></span></span></span></span></p>\r\n<p align=\"justify\" class=\"western\"><span><span><span><span><span></span></span></span></span></span><span><b>Requerimento N\u00famero 069/2021 \u2013</b></span><span><b> </b></span><span><b>JOS\u00c9 M\u00c1RIO SILVA DOS ANJOS (Bahia do Corte):</b></span><span><b> </b></span><span>seja oficiado \u00e0 Companhia Paulista de For\u00e7a e Luz - CPFL, solicitando desta insigne empresa verificar a possibilidade de elevar os fios de alta tens\u00e3o que atravessa a via \u201cEstrada Neyde Marin de Campos\u201d, na altura da curva que d\u00e1 acesso a empresa Cobermil, no munic\u00edpio de Am\u00e9rico Brasiliense.</span></p>\r\n<p align=\"justify\" class=\"western\"><span><span><span><b>Requerimento N\u00famero 070/2021 \u2013</b></span></span></span><span><span><span><b> </b></span></span></span><span><span><b>JOS\u00c9 M\u00c1RIO SILVA DOS ANJOS (Bahia do Corte):</b></span></span><span><span><span><b> </b></span></span></span><span><span><span><span>seja oficiado ao Excelent\u00edssimo Sr. DIRCEU BR\u00c1S PANO, Dign\u00edssimo Prefeito Municipal, solicitando de Sua Excel\u00eancia, entrar em entendimento com o setor competente, no sentido de enviar a esta Casa de Leis, informa\u00e7\u00f5es acerca da exist\u00eancia ou n\u00e3o de \u00e1rea no munic\u00edpio para ser utilizada como bols\u00e3o.</span></span></span></span></p>\r\n<p align=\"justify\" class=\"western\"><span><span><span><b>Requerimento N\u00famero 071/2021 \u2013 </b></span></span></span><span><span><span><span><b>JOS\u00c9 ROBERTO DE ANDRADE</b></span></span></span></span><span><span><span><b>:</b></span></span></span><span><span><span><b> </b></span></span></span><span><span><span><span>seja oficiado ao Excelent\u00edssimo Sr. DIRCEU BR\u00c1S PANO, Dign\u00edssimo Prefeito Municipal, solicitando de Sua Excel\u00eancia, entrar em entendimento com Centro de Atendimento ao Trabalhador- CEAT no sentido enviar a esta Casa de Leis, informa\u00e7\u00f5es acerca da possibilidade de enviar as cobran\u00e7as de tributos via carta, uma vez que a cobran\u00e7a \u00e9 feita via internet e muitos n\u00e3o sabem.</span></span></span></span></p>\r\n<p align=\"justify\" class=\"western\"><span><span><span><b>Requerimento N\u00famero 072/2021 \u2013 </b></span></span></span><span><span><span><span><b>MARLY LUZIA HELD PAV\u00c3O:</b></span></span></span></span><span><span><span><b> </b></span></span></span><span><span><span><span> seja oficiado ao Excelent\u00edssimo Sr. DIRCEU BR\u00c1S PANO, DD. Prefeito Municipal, </span></span></span></span><span><span><span><span>solicitando de Sua Excel\u00eancia,</span></span></span></span><span><span><span><span> entrar em entendimento com o Diretor de Promo\u00e7\u00e3o Social, ISMAEL DA SILVA, </span></span></span></span><span><span><span><span>e</span></span></span></span><span><span><span><span> informar a esta Casa de Leis, qual o planejamento que est\u00e1 sendo, e/ou ainda, que est\u00e1 em andamento, visando abrigar os moradores do frio intenso que est\u00e1 sendo anunciado.</span></span></span></span></p>\r\n<p align=\"justify\" class=\"western\">\u00a0</p>\r\n<p align=\"center\"><span><span><span><b>MO\u00c7\u00c3O</b></span></span></span></p>\r\n<p align=\"justify\">\u00a0</p>\r\n<p align=\"justify\"><span><span><span><span><b>Mo\u00e7\u00e3o n\u00famero 036/2021 \u2013 </b></span></span></span><span><span><span><span><b>ALCIDES LUIS DE CARVALHO (Cid\u00e3o Mineiro)</b></span></span></span></span><span><span><span><b> </b></span></span></span><span><span><span><span>MO\u00c7\u00c3O DE AGRADECIMENTO ao Excelent\u00edssimo Senhor Carlos Zarattini, DD. Deputado Federal, pelo esfor\u00e7o em sempre contemplar o munic\u00edpio de Am\u00e9rico Brasiliense com recursos financeiros.</span></span></span></span></span></p>\r\n<p align=\"justify\"><span><span><span><span><span><b>Mo\u00e7\u00e3o n\u00famero 037/2021 \u2013</b></span></span></span><span><span><span><b> </b></span></span></span><span><span><span><b>JOS\u00c9 M\u00c1RIO SILVA DOS ANJOS (Bahia do Corte):</b></span></span></span><span><span><span><b> </b></span></span></span><span><span><span><span>MO\u00c7\u00c3O DE AGRADECIMENTO ao Excelent\u00edssimo Senhor J\u00fanior Bozzella (PSL), Dign\u00edssimo Deputado Federal, pela emenda parlamentar no valor de R$ 150.000,00 (cento e cinquenta mil reais), atendendo a solicita\u00e7\u00e3o de vereador.</span></span></span></span></span></span></p>\r\n<p align=\"justify\"><span><span><span><span><span><b>Mo\u00e7\u00e3o n\u00famero 038/2021 \u2013LEANDRO HENRIQUE MORALLES (Mancha):</b></span></span></span><span><span> </span></span><span><span><span><span>MO\u00c7\u00c3O DE CONGRATULA\u00c7\u00d5ES E APLAUSOS para com o Ilustr\u00edssimo Senhor Jos\u00e9 Raimundo M\u00f3i, Ilustr\u00edssima Senhora Regina Aparecida M\u00f3i, membros do Lions Clube, pelo bel\u00edssimo gesto de assist\u00eancia social, realizado por meio de empr\u00e9stimo de muletas, cadeiras de rodas, etc, e ainda ao Ilustr\u00edssimo Presidente do Lions Clube, Eduardo Fortes, pelo trabalho que \u00e9 realizado em nosso Munic\u00edpio.</span></span></span></span></span></span></p>\r\n<p align=\"justify\"><span><span><span><span><span><b>Mo\u00e7\u00e3o n\u00famero 039/2021 - \u2013LEANDRO HENRIQUE MORALLES (Mancha)</b></span></span></span><span><span>: </span></span><span><span><span><span><span><span>MO\u00c7\u00c3O DE CONGRATULA\u00c7\u00d5ES E AGRADECIMENTOS ao ao Ilustr\u00edssimo Senhor Felipe Joioso pela iniciativa das \u201clives solid\u00e1rias\u201d (empresa WANNA pela parceria), pela doa\u00e7\u00e3o de 113 cestas b\u00e1sicas para o Fundo Social Municipal, pela doa\u00e7\u00e3o de mais de 3.000 ovos de p\u00e1scoa e pela arrecada\u00e7\u00e3o de mais de 300 cestas b\u00e1sicas para a regi\u00e3o.</span></span></span></span></span></span></span></span></p>\r\n<p align=\"justify\"><span><span><span><span><span><b>Mo\u00e7\u00e3o n\u00famero 040/2021 \u2013 </b></span></span></span><span><span><span><span><b>DIEGO RODRIGUES DE SOUZA</b></span></span></span></span><span><span>: seja consignado na ata dos trabalhos de hoje, voto de profundo pesar pelo falecimento do Senhor </span></span><span><span><span><span><b>ADALTO SCARDOELLI </b></span></span></span></span><span><span>ocorrido no \u00faltimo dia 04.</span></span></span></span></p>\r\n<p align=\"justify\"><span><span><span><span><span><b>Mo\u00e7\u00e3o n\u00famero 041/2021 \u2013 </b></span></span></span><span><span><span><span><b>DIEGO RODRIGUES DE SOUZA: </b></span></span></span></span><span><span>seja consignado na ata dos trabalhos de hoje, voto de profundo pesar pelo falecimento do Senhor </span></span><span><span><span><span><b>JOS\u00c9 DENILSON DE OLIVEIRA </b></span></span></span></span><span><span>ocorrido no \u00faltimo dia 19.</span></span></span></span></p>\r\n<p align=\"justify\"><span><span><span><span><span><b>Mo\u00e7\u00e3o n\u00famero 042/2021 \u2013 </b></span></span></span><span><span><span><span><b>DIEGO RODRIGUES DE SOUZA</b></span></span></span></span><span><span>: seja consignado na ata dos trabalhos de hoje, voto de profundo pesar pelo falecimento do Senhor </span></span><span><span><span><span><b>LUIZ DE CAMPOS</b></span></span></span></span><span><span><b> </b></span></span><span><span>ocorrido no \u00faltimo dia 13.</span></span></span></span></p>\r\n<p align=\"justify\"><span><span><span><span><span><b>Mo\u00e7\u00e3o n\u00famero 043/2021 \u2013 </b></span></span></span><span><span><span><span><b>DIEGO RODRIGUES DE SOUZA</b></span></span></span></span><span><span>: seja consignado na ata dos trabalhos de hoje, voto de profundo pesar pelo falecimento da Senhora </span></span><span><span><span><span><b>MARLI SANTOS SILVA DO NASCIMENTO</b></span></span></span></span><span><span><b> </b></span></span><span><span>ocorrido no \u00faltimo dia 26.</span></span></span></span></p>\r\n<p align=\"justify\"><span><span><span><span><span><b>Mo\u00e7\u00e3o n\u00famero 044/2021 \u2013 </b></span></span></span><span><span><span><span><b>DIEGO RODRIGUES DE SOUZA</b></span></span></span></span><span><span>: seja consignado na ata dos trabalhos de hoje, voto de profundo pesar pelo falecimento da Senhora </span></span><span><span><span><span><b>SUELY APARECIDA ROCHA FERNANDES DA CRUZ</b></span></span></span></span><span><span><b> </b></span></span><span><span>ocorrido no \u00faltimo dia 19.</span></span></span></span></p>\r\n<p align=\"justify\"><span><span><span><span></span></span></span></span><span><b>Mo\u00e7\u00e3o n\u00famero 045/2021 \u2013 </b></span><span><b>ROBERTO RODRIGUES JOB</b></span><span>: seja consignado na ata dos trabalhos de hoje, voto de profundo pesar pelo falecimento do Senhor </span><span>ANT\u00d5NIO BARBOSA DOS SANTOS </span><span>ocorrido no \u00faltimo dia 26.</span></p>\r\n<p align=\"justify\"><span><span><span><span><span><b>Mo\u00e7\u00e3o n\u00famero 046/2021 \u2013 </b></span></span></span><span><span><span><span><b>ROBERTO RODRIGUES JOB</b></span></span></span></span><span><span><b>: </b></span></span><span><span><span>seja consignado na ata dos trabalhos de hoje, voto de profundo pesar pelo falecimento do Senhor </span></span></span><span><span><span><span><span>FRANCISCO GOUV\u00caA </span></span></span></span></span><span><span><span>ocorrido no \u00faltimo dia 05.</span></span></span></span></span></p>\r\n<p>\u00a0</p>\r\n<ul>\r\n<li>Excepcionalmente, essa Sess\u00e3o n\u00e3o apresentou projetos para a Ordem do Dia</li>\r\n<li>\r\n<p align=\"justify\" class=\"western\"><span><span>Para assistir a sess\u00e3o na \u00edntegra, siga pelo link </span></span><span><span style=\"text-decoration: underline; \"><span><span><span>https://www.youtube.com/watch?v=rJ3z64pwyGQ</span></span></span></span></span></p>\r\n</li>\r\n<li>\u00a0<span>Acompanhe tamb\u00e9m nosso Canal do Youtube -\u00a0</span>https://www.youtube.com/channel/UCXkHkbDa_IEDbrqOJT_CgKA</li>\r\n</ul>", "author_name": "", "version": "1.0", "author_url": "https://camaraamericobrasiliense.sp.gov.br/author/thaiza", "provider_name": "C\u00e2mara Municipal", "type": "rich"}