{"provider_url": "https://camaraamericobrasiliense.sp.gov.br", "title": "Resumo da Sess\u00e3o Ordin\u00e1ria do dia 28/09/2020", "html": "<p align=\"center\" style=\"text-align: justify; \">Na 79\u00aa Sess\u00e3o Ordin\u00e1ria, ocorrida dia 28/09, \u00e0s 17h, no Plen\u00e1rio \"Doutor Elias Leme da Costa\", nossos vereadores apresentaram um total de 24 proposi\u00e7\u00f5es, al\u00e9m de votar nas mat\u00e9rias constantes da Ordem do Dia. Segue o resumo das proposi\u00e7\u00f5es apresentadas.</p>\r\n<p align=\"center\"><span><span><b>INDICA\u00c7\u00d5ES</b></span></span></p>\r\n<p align=\"center\" style=\"text-align: justify; \">\u00a0<span><b>Indica\u00e7\u00e3o N\u00famero 183/2020 </b></span><span>-</span><span><b> </b></span><span><b>LUZIMAR ALVES DOS SANTOS</b></span><span> </span><span>seja oficiado ao Exmo. Sr. Prefeito Municipal, solicitando de S/Exa., entrar em entendimento com o setor competente, no sentido de </span><span>realizar limpeza e tapa buraco na sarjeta localizada na Avenida Jo\u00e3o Joaquim, na altura do im\u00f3vel n\u00famero 690, no bairro Jardim Santa Terezinha.</span></p>\r\n<p align=\"justify\" class=\"western\"><span><span><b>Indica\u00e7\u00e3o N\u00famero 184/2020 </b></span></span><span><span>-</span></span><span><span><b> </b></span></span><span><span><b>LUZIMAR ALVES DOS SANTOS </b></span></span><span><span>seja oficiado ao Exmo. Sr. Prefeito Municipal, solicitando de S/Exa., entrar em entendimento com o setor competente, no sentido de </span></span><span><span><span>construir redutor de velocidade (lombada) na Rua Professora Maria Aparecida Belarmino Rodrigues, na altura do im\u00f3vel n\u00famero 724, no bairro Jardim Novo Am\u00e9rico.</span></span></span></p>\r\n<p align=\"justify\" class=\"western\"><span><span><b>Indica\u00e7\u00e3o N\u00famero 185/2020 </b></span></span><span><span>- </span></span><span><span><b>LUZIMAR ALVES DOS SANTOS </b></span></span><span><span>seja oficiado ao Exmo. Sr. Prefeito Municipal, solicitando de S/Exa., entrar em entendimento com o setor competente, no sentido de recapear a faixa da Avenida Sumar\u00e9 que ainda n\u00e3o foi recapeada, e ainda, que seja feita a limpeza do canteiro central em toda extens\u00e3o da referida avenida.</span></span></p>\r\n<p align=\"justify\" class=\"western\"><span><span><b>Indica\u00e7\u00e3o N\u00famero 186/2020 </b></span></span><span><span>-</span></span><span><span><b> </b></span></span><span><span><b>LEANDRO HENRIQUE MORALLES </b></span></span><span><span>seja oficiado ao Exmo. Sr. Prefeito Municipal, solicitando de S/Exa., entrar em entendimento com o setor competente, no sentido de construir redutor de velocidade (lombada) na Rua Jos\u00e9 Bezerra dos Anjos, no bairro Residencial Alian\u00e7a.</span></span></p>\r\n<p align=\"justify\" class=\"western\"><span><span><b>Indica\u00e7\u00e3o N\u00famero 187/2020 </b></span></span><span><span>-</span></span><span><span><b> </b></span></span><span><span><b>LEANDRO HENRIQUE MORALLES </b></span></span><span><span>seja oficiado ao Exmo. Sr. Prefeito Municipal, solicitando de S/Exa., entrar em entendimento com o setor competente, no sentido de construir canaleta na Rua Em\u00edlia Galli, mais precisamente na altura com a Travessia S\u00e3o Benedito.</span></span></p>\r\n<p align=\"justify\" class=\"western\"><span><span><b>Indica\u00e7\u00e3o N\u00famero 188/2020 </b></span></span><span><span>-</span></span><span><span><b> </b></span></span><span><span><b>LEANDRO HENRIQUE MORALLES </b></span></span><span><span>seja oficiado ao Exmo. Sr. Prefeito Municipal, solicitando de S/Exa., entrar em entendimento com o setor competente, no sentido de construir redutor de velocidade (lombada) na Rua Josefina Vezoni, no bairro Jardim Bela Vista, mais precisamente em frente ao Cemit\u00e9rio Municipal e ao Zel\u00e3o Multigramas.</span></span></p>\r\n<p align=\"justify\" class=\"western\"><span><span><b>Indica\u00e7\u00e3o N\u00famero 189/2020 </b></span></span><span><span>-</span></span><span><span><b> MARLY LUZIA HELD PAV\u00c3O</b></span></span><span><span>, seja oficiado ao Exmo. Sr. Prefeito Municipal, solicitando de S/Exa. entrar em entendimentos com o setor municipal de fiscaliza\u00e7\u00e3o de postura, para tomar as devidas provid\u00eancias, visando exigir da </span></span><span><span>Empresa RUMO S/A</span></span><span><span>, a retirada dos dormentes de madeira deixados em toda extens\u00e3o da via f\u00e9rrea da parte urbana de nossa cidade.</span></span></p>\r\n<p align=\"justify\" class=\"western\"><span><span><b>Indica\u00e7\u00e3o N\u00famero 190/2020 </b></span></span><span><span>-</span></span><span><span><b> MARLY LUZIA HELD PAV\u00c3O </b></span></span><span><span>seja oficiado ao Exmo. Sr. Prefeito Municipal, solicitando de S/Exa. entrar em entendimento com o setor competente, no sentido de ser colocada uma lombada na Avenida Am\u00e9lia Colombo Dias, antes do cruzamento com o Rua Jos\u00e9 Paulo Abi-Jaudi, atendendo, assim, v\u00e1rios requerimentos feitos, neste sentido, por moradores daquela via p\u00fablica. </span></span></p>\r\n<p align=\"justify\" class=\"western\">\u00a0</p>\r\n<p align=\"center\" class=\"western\"><span><span><b>REQUERIMENTOS</b></span></span></p>\r\n<p align=\"center\" class=\"western\">\u00a0</p>\r\n<p align=\"justify\" class=\"western\"><span><span><b>Requerimento N\u00famero 219/2020 </b></span></span><span><span>-</span></span><span><span><b> </b></span></span><span><span><b>JO\u00c3O ANT\u00d4NIO DE MORAES NETO </b></span></span><span><span>seja oficiado ao Exmo. Sr. DIRCEU BR\u00c1S PANO, DD. Prefeito Municipal, solicitando de S/Exa. entrar em entendimento com o </span></span><span><span><span>setor competente, para informar a esta Casa de Leis, a respeito da perfura\u00e7\u00e3o do po\u00e7o no bairro Jardim S\u00e3o Jos\u00e9 II:</span></span></span><span><span> (i) </span></span><span><span>quando </span></span><span><span><span>o referido po\u00e7o</span></span></span><span><span> </span></span><span><span><span>entrar\u00e1 em opera\u00e7\u00e3o?; e</span></span></span><span><span> (ii) </span></span><span><span><span>quando dar\u00e1 in\u00edcio a constru\u00e7\u00e3o da adutora (tubula\u00e7\u00e3o), de forma que interligue o referido po\u00e7o com o reservat\u00f3rio existente no bairro Jardim S\u00e3o Jos\u00e9 I?</span></span></span></p>\r\n<p align=\"justify\" class=\"western\"><span><span><b>Requerimento N\u00famero 220/2020</b></span></span><span><span><b> </b></span></span><span><span>- </span></span><span><b>DIEGO RODRIGUES DE SOUZA</b></span> <span><span>seja oficiado \u00e0 bancada paulista do Republicanos na C\u00e2mara Federal, visando que tal assunto seja pautado em \u00e2mbito federal no sentido de buscar uma solu\u00e7\u00e3o pertinente e regular o uso das buzinas em composi\u00e7\u00f5es ferrovi\u00e1rias, especialmente no per\u00edodo da madrugada, coibindo eventuais abusos por parte dos que operam tal equipamento, requer tamb\u00e9m que seja enviado c\u00f3pia do presente Requerimento \u00e0 Ag\u00eancia Nacional de Transportes Terrestres (ANTT) e \u00e0 concession\u00e1ria Rumo Log\u00edstica S.A., para que tamb\u00e9m tomem as medidas que julgarem pertinentes e cab\u00edveis, num gesto de sensibilidade e respeito \u00e0 coletividade.</span></span></p>\r\n<p align=\"justify\" class=\"western\"><span><span><b>Requerimento N\u00famero 221/2020</b></span></span><span><span><b> </b></span></span><span><span>- </span></span><span><b>DIEGO RODRIGUES DE SOUZA e outros </b></span><span><span>seja oficiado </span></span><span><span>ao Exmo. Sr. </span></span><span><span>DIRCEU BR\u00c1S PANO, DD. Prefeito Municipal, solicitando de S/Exa. o que segue referente ao po\u00e7o P7: 1) Qual o motivo constatado para a queima da bomba do referido po\u00e7o, ocorrida no \u00faltimo dia 12? 2) Por qu\u00ea o servi\u00e7o de substitui\u00e7\u00e3o da mesma n\u00e3o foi iniciado imediatamente, tendo seu in\u00edcio apenas no</span></span><span><span> dia 14? 3) A Prefeitura Municipal possui bomba reserva para o po\u00e7o em quest\u00e3o? Em caso positivo, a bomba reserva estava \u00e0 disposi\u00e7\u00e3o quando do an\u00fancio da queima da bomba em funcionamento, ou seja, na noite do dia 12 de setembro? 4) Qual a origem/propriet\u00e1rio da bomba instalada no dia 14? 5) Ap\u00f3s instalada no dia 14, a bomba reserva apresentou alguma falha t\u00e9cnica em seu funcionamento? Em caso positivo, detalhar a falha apresentada; 6) Encaminhar o hist\u00f3rico de manuten\u00e7\u00e3o em todas as bombas do P7, nos \u00faltimos 24 meses, detalhando datas de envio para a respectiva manuten\u00e7\u00e3o bem como a data de retorno do equipamento ao Departamento de \u00c1gua, Esgoto e Meio Ambiente (DAEMA); 7) Encaminhar c\u00f3pia do \u00faltimo contrato firmado para os servi\u00e7os de retirada e reinstala\u00e7\u00e3o de bombas submersas nos po\u00e7os tubulares do munic\u00edpio, detalhando qual o per\u00edodo de vig\u00eancia do mesmo; 8) Encaminhar, assim que poss\u00edvel, c\u00f3pias de eventuais Boletins de Ocorr\u00eancia Policial, lavrados nos \u00faltimos 30 dias em rela\u00e7\u00e3o ao P7, bem como do laudo da Pol\u00edcia Cient\u00edfica, conforme noticiado no \u00faltimo dia 19; 9) Informar se a Administra\u00e7\u00e3o possui algum planejamento t\u00e9cnico espec\u00edfico visando aprimorar o funcionamento do P7, bem como visando amenizar os impactos \u00e0 popula\u00e7\u00e3o quando da necessidade de paralisa\u00e7\u00e3o do mesmo.</span></span></p>\r\n<p align=\"justify\" class=\"western\"><span><span><b>Requerimento N\u00famero 222/2020</b></span></span><span><span><b> </b></span></span><span><span>- </span></span><span><span><b>LUZIMAR ALVES DOS SANTOS </b></span></span><span><span>seja oficiado ao Exmo. Sr. MARCOS DAM\u00c1SIO, DD. Deputado Estadual, solicitando de S/Exa., envidar esfor\u00e7os para contemplar o munic\u00edpio de Am\u00e9rico Brasiliense, viabilizando recursos financeiros por meio de emenda parlamentar, para a perfura\u00e7\u00e3o de po\u00e7o tipo fratura, para capta\u00e7\u00e3o de \u00e1gua abastecendo assim a popula\u00e7\u00e3o residente dos bairros Jardim Planalto, Jardim Primaveras e Jardim Maria Luiza.</span></span></p>\r\n<p align=\"justify\"><span><span><span><span><b>Requerimento N\u00famero </b></span></span></span><span><span><b>223</b></span></span><span><span><span><b>/2020</b></span></span></span><span><span><b> </b></span></span><span><span>- </span></span><span><span><span><b>THIAGO VIEIRA LIMA </b></span></span></span><span><span><span>seja oficiado ao Exmo. Sr. DIRCEU BR\u00c1S PANO, DD. Prefeito Municipal, solicitan-do de S/Exa., para que informe a Esta Casa de Leis, quais medidas foram tomadas ap\u00f3s a realiza\u00e7\u00e3o de estudo </span></span></span><span><span><span>acerca do d\u00e9ficit or\u00e7ament\u00e1rio existente no Departamento de \u00c1gua, Esgoto e Meio Ambiente \u2013 DAEMA;</span></span></span><span><span><span>, a fim de mitigar o d\u00e9ficit or\u00e7ament\u00e1rio existente no Departamento de \u00c1gua, Esgoto e Meio Ambiente \u2013 DAEMA.</span></span></span></span></p>\r\n<p align=\"justify\" class=\"western\"><span><span><b>Requerimento N\u00famero 224/2020</b></span></span><span><span><b> </b></span></span><span><span>- </span></span><span><span><b>JO\u00c3O ANT\u00d4NIO DE MORAES NETO </b></span></span><span><span>seja oficiado ao Exmo. Sr. DIRCEU BR\u00c1S PANO, DD. Prefeito Municipal, solicitando de S/Exa. entrar em entendimento com o setor competente, para informar a esta Casa de Leis:</span></span> <span><span>(i) todos os po\u00e7os possuem bombas reservas?;</span></span> <span><span>(ii) e em caso de resposta afirmativa, informar ainda a quantidade e se as mesmas se encontram armazenadas no almoxarifado do DAEMA;</span></span> <span><span>(iii) enviar dados t\u00e9cnicos de cada bomba espec\u00edfica para cada po\u00e7o de nosso munic\u00edpio.</span></span></p>\r\n<p align=\"justify\"><span><span><span><span><b>Requerimento N\u00famero </b></span></span></span><span><span><b>225</b></span></span><span><span><span><b>/2020</b></span></span></span><span><span><span><b> </b></span></span></span><span><span><span>- </span></span></span><span><span><b>LUZIMAR ALVES DOS SANTOS </b></span></span><span><span>seja oficiado ao Exmo. Sr. LUIZ CARLOS MOTTA, DD. Deputado Federal, solicitando de S/Exa., envidar esfor\u00e7os para contemplar o munic\u00edpio de Am\u00e9rico Brasiliense, viabilizando recursos financeiros por meio de emenda parlamentar, para aquisi\u00e7\u00e3o de um ve\u00edculo micro-\u00f4nibus para o Departamento de Esporte de nossa cidade.</span></span></span></p>\r\n<p align=\"justify\"><span><span><span><span><b>Requerimento N\u00famero </b></span></span></span><span><span><b>226</b></span></span><span><span><span><b>/2020</b></span></span></span><span><span><span><b> </b></span></span></span><span><span><span>- </span></span></span><span><span><b>LUZIMAR ALVES DOS SANTOS </b></span></span><span><span>seja oficiado ao Exmo. Sr. DIRCEU BR\u00c1S PANO, DD. Prefeito Municipal, solicitando de S/Exa., informar a esta Casa de Leis, os seguintes questionamentos:</span></span> <span><span>(i) qual o valor que o munic\u00edpio aplicou na Sa\u00fade ao longo do ano de 2020 at\u00e9 o presente momento, com recursos pr\u00f3prios?;</span></span> <span><span>(ii) qual o montante de emendas destinadas ao Departamento de Sa\u00fade, que foram devidamente aplicadas ao longo do ano de 2020?; e</span></span> <span><span>(ii) qual o montante de emendas destinadas \u00e0 infraestrutura de nosso munic\u00edpio, que foram devidamente aplicadas?</span></span></span></p>\r\n<p align=\"justify\" class=\"western\"><span><span><b>Requerimento N\u00famero 227/2020</b></span></span><span><span><b> </b></span></span><span><span>- </span></span><span><span><b>JO\u00c3O ANT\u00d4NIO DE MORAES NETO </b></span></span><span><span>seja oficiado ao Exmo. Sr. </span></span><span><span>DIRCEU BR\u00c1S PANO, DD. Prefeito Municipal, solicitando de S/Exa. entrar em entendimento com o Departamento de \u00c1gua, Esgoto e Meio Ambiente - DAEMA, para informar a esta Casa de Leis, qual o motivo da demora na manuten\u00e7\u00e3o, a veracidade quanto a falta de materiais, e falta de funcion\u00e1rios para a realiza\u00e7\u00e3o de servi\u00e7os de encanamento.</span></span></p>\r\n<p align=\"justify\"><span><span><span><span><b>Requerimento N\u00famero </b></span></span></span><span><span><b>228</b></span></span><span><span><span><b>/2020</b></span></span></span><span><span><span><b> </b></span></span></span><span><span><span>- </span></span></span><span><span><b>MARLY LUZIA HELD PAV\u00c3O </b></span></span><span><span><span>seja oficiado ao Exmo. Sr. DIRCEU BR\u00c1S PANO, DD. Prefeito Municipal, solicitando de S/Exa. entrar em entendimentos com o Diretor do DAEMA \u2013 Sr. LUIZ HENRIQUE ESTEVAM, no sentido do mesmo enviar a esta Casa de Leis, relat\u00f3rio das provid\u00eancias tomadas para recupera\u00e7\u00e3o estrutural da caixa d\u00b4\u00e1gua localizada na sede, deste Departamento, na Rua Manoel Jos\u00e9 Pires.</span></span></span></span></p>\r\n<p align=\"justify\"><span><span><span><span><b>Requerimento N\u00famero </b></span></span></span><span><span><b>229</b></span></span><span><span><span><b>/2020</b></span></span></span><span><span><span><b> </b></span></span></span><span><span><span>- </span></span></span><span><span><b>MARLY LUZIA HELD PAV\u00c3O </b></span></span><span><span>seja oficiado ao Exmo. Sr. DIRCEU BR\u00c1S PANO, DD. Prefeito Municipal, solicitando de S/Exa. entrar em entendimento com o setor municipal competente, visando enviar a esta Casa de Leis c\u00f3pia do processo de licita\u00e7\u00e3o da Empresa contratada para pintura do Hospital \u201cDoutor Jos\u00e9 Nigro Neto\u201d, no valor de R$ 207.000,00 \u2013 duzentos e sete mil reais.</span></span></span></p>\r\n<p align=\"justify\"><span><span><span><span><b>Requerimento N\u00famero </b></span></span></span><span><span><b>230</b></span></span><span><span><span><b>/2020</b></span></span></span><span><span><span><b> </b></span></span></span><span><span><span>- </span></span></span><span><span><b>DIEGO RODRIGUES DE SOUZA </b></span></span><span><span>seja consignado na ata dos trabalhos de hoje, voto de profundo pesar pelo falecimento do Senhor J\u00daLIO SASSO, ocorrido no \u00faltimo dia 11.</span></span></span></p>\r\n<p align=\"justify\"><span><span><span><span><b>Requerimento N\u00famero </b></span></span></span><span><span><b>231</b></span></span><span><span><span><b>/2020</b></span></span></span><span><span><span><b> </b></span></span></span><span><span><span>- </span></span></span><span><span><b>THIAGO VIEIRA LIMA e outros</b></span></span><span><span>, seja consignado na ata dos trabalhos de hoje, voto de profundo pesar pelo falecimento da Senhora RINA BELINELLI, ocorrido no \u00faltimo dia 15.</span></span></span></p>\r\n<p align=\"justify\"><span><span><span><span><b>Requerimento N\u00famero </b></span></span></span><span><span><b>23</b></span></span><span><span><b>2</b></span></span><span><span><span><b>/2020 </b></span></span></span><span><span><span>- </span></span></span><span><span><b>ROBERTO RODRIGUES JOB </b></span></span><span><span>seja consignado na ata dos trabalhos de hoje, voto de profundo pesar pelo falecimento da Senhora </span></span><span><span><b>IRENE SALOM\u00c3O DE JESUS</b></span></span><span><span>, ocorrido no \u00faltimo dia 11.</span></span></span></p>\r\n<p align=\"justify\" class=\"western\">\u00a0</p>\r\n<p align=\"center\" class=\"western\"><span><span><b>MO\u00c7\u00d5ES</b></span></span></p>\r\n<p align=\"justify\"><span><span><span><span><b>Mo\u00e7\u00e3o N\u00famero 058/2020 \u2013 </b></span></span></span><span><span><span><b>DIEGO RODRIGUES DE SOUZA e outros:</b></span></span></span><span><span><span> MO\u00c7\u00c3O DE CONGRATULA\u00c7\u00d5ES E APLAUSOS para com as Escolas Municipais de Ensino Fundamental \u201cAtemaro Rodrigues de Souza\u201d e \u201cDona L\u00facia Mariana Romania Berti\u201d pelo excelente desempenho no \u00cdndice de Desenvolvimento da Educa\u00e7\u00e3o B\u00e1sica (IDEB) 2019, reafirmando o comprometimento dessas unidades escolares em proporcionar educa\u00e7\u00e3o de qualidade.</span></span></span></span></p>\r\n<p align=\"justify\"><span><span><span><span><b>Mo\u00e7\u00e3o N\u00famero 059/2020 </b></span></span></span><span><span><span>- </span></span></span><span><span><b>M\u00c1RIO AUGUSTO DE CAMPOS: </b></span></span><span><span>MO\u00c7\u00c3O DE CONGRATULA\u00c7\u00d5ES E APLAUSOS ao Grupo S\u00e3o Martinho \u2013 Usina Santa Cruz, num gesto de agradecimento em nome da comunidade ameriliense, pela doa\u00e7\u00e3o de um ventilador mec\u00e2nico (respirador) \u00e0 rede p\u00fablica municipal de sa\u00fade de Am\u00e9rico Brasiliense.</span></span></span></p>\r\n<p align=\"justify\">\u00a0</p>\r\n<p align=\"justify\"><span><span><span>Mat\u00e9rias constantes da Ordem do Dia</span></span></span></p>\r\n<p align=\"justify\">\u00a0</p>\r\n<p align=\"justify\" class=\"western\"><strong><span><span>1 - </span></span></strong><span><span><b>Requerimento de Urg\u00eancia Especial n\u00b0 025/2020</b></span></span><span><span>, </span></span><span><span>que inclui na Ordem do Dia o Projeto de Lei n\u00b0 041/2020 \u2013\u00a0</span></span><strong><span><span>APROVADO</span></span></strong></p>\r\n<p align=\"justify\" class=\"western\"><strong><span><span>2 - Projeto de Lei n\u00b0 041/2020,</span></span></strong><span><span>\u00a0de autoria do Poder Executivo, que d</span></span><span><span>isp\u00f5e sobre a abertura de cr\u00e9dito adicional especial e d\u00e1 outras provid\u00eancias.</span></span><span><span>\u00a0</span></span><strong><span><span>APROVADO</span></span></strong></p>\r\n<p align=\"justify\" class=\"western\"><span><span><b>3 - </b></span></span><span><span><b>Requerimento de Urg\u00eancia Especial n\u00b0 026/2020</b></span></span><span><span>, </span></span><span><span>que inclui na Ordem do Dia o Projeto de Lei n\u00b0 042/2020 \u2013\u00a0</span></span><strong><span><span>APROVADO</span></span></strong></p>\r\n<p align=\"justify\" class=\"western\"><strong><span><span>4 - Projeto de Lei n\u00b0 042/2020,</span></span></strong><span><span>\u00a0de autoria do Poder Executivo, que d</span></span><span><span>isp\u00f5e sobre a abertura de cr\u00e9dito adicional especial e d\u00e1 outras provid\u00eancias.</span></span><span><span>\u00a0</span></span><strong><span><span>APROVADO</span></span></strong></p>\r\n<p align=\"justify\" class=\"western\"><strong><span><span>5 - </span></span></strong><span><span><b>Requerimento de Urg\u00eancia Especial n\u00b0 027/2020</b></span></span><span><span>, </span></span><span><span>que inclui na Ordem do Dia o Projeto de Lei n\u00b0 043/2020 \u2013\u00a0</span></span><strong><span><span>APROVADO</span></span></strong></p>\r\n<p align=\"justify\" class=\"western\"><strong><span><span>6 - Projeto de Lei n\u00b0 043/2020,</span></span></strong><span><span>\u00a0de autoria do Poder Executivo, que d</span></span><span><span>isp\u00f5e sobre a abertura de cr\u00e9dito adicional especial e d\u00e1 outras provid\u00eancias.</span></span><span><span>\u00a0</span></span><strong><span><span>APROVADO</span></span></strong></p>\r\n<p align=\"justify\" class=\"western\"><strong><span><span>7 - Projeto de Lei n\u00b0 033/2020,</span></span></strong><span><span>\u00a0de autoria do Poder Executivo, que d</span></span><span><span>isp\u00f5e sobre a abertura de cr\u00e9dito adicional especial e d\u00e1 outras provid\u00eancias.</span></span><span><span>\u00a0</span></span><strong><span><span>REJEITADO </span></span></strong></p>\r\n<p align=\"justify\">\u00a0</p>\r\n<p align=\"justify\">\u00a0</p>\r\n<ul>\r\n<li>\r\n<p align=\"justify\" class=\"western\"><span><span>Para assistir a sess\u00e3o na \u00edntegra, siga pelo https://www.youtube.com/watch?v=X4K8WV5sumM</span></span></p>\r\n</li>\r\n<li>\r\n<p align=\"justify\" class=\"western\"><span><span>Acompanhe tamb\u00e9m nosso Canal do Youtube\u00a0</span></span><span><a href=\"https://www.youtube.com/channel/UCXkHkbDa_IEDbrqOJT_CgKA\" target=\"_blank\"><span><span><span><span>https://www.youtube.com/channel/UCXkHkbDa_IEDbrqOJT_CgKA</span></span></span></span></a></span><span><span>,\u00a0</span></span></p>\r\n</li>\r\n<li>\r\n<p align=\"justify\" class=\"western\"><span><span>A pr\u00f3xima Sess\u00e3o ser\u00e1 no dia 05/10.</span></span></p>\r\n</li>\r\n<li>\r\n<p align=\"justify\" class=\"western\"><span><span>Para assistir as sess\u00f5es pessoalmente, basta agendar pelo telefone (16) 3392-1134, ou pelo celular/Whattsapp (16) 99609-5631, ou ainda pelo e-mail: secretaria@camaraamericobrasiliense.sp.gov.br. Ao entrar em contato, basta informar o nome completo, o n\u00famero de um documento de identifica\u00e7\u00e3o e telefone para contato.</span></span></p>\r\n</li>\r\n<li>\r\n<p align=\"justify\" class=\"western\"><span><span>Lembrando que conforme o Ato n\u00b0 016/2020, ser\u00e1 permitido at\u00e9 45 (quarenta e cinco) pessoas na galeria do Plen\u00e1rio, respeitando assim as medidas de seguran\u00e7a.</span></span></p>\r\n</li>\r\n</ul>\r\n<p align=\"justify\">\u00a0</p>", "author_name": "", "version": "1.0", "author_url": "https://camaraamericobrasiliense.sp.gov.br/author/thaiza", "provider_name": "C\u00e2mara Municipal", "type": "rich"}