{"provider_url": "https://camaraamericobrasiliense.sp.gov.br", "title": "RESUMO SESS\u00c3O DO DIA 08/09", "html": "<p align=\"center\" class=\"ndice\"><b>INDICA\u00c7\u00d5ES</b></p>\r\n<p align=\"center\" class=\"ndice\">\u00a0</p>\r\n<p><b>Indica\u00e7\u00e3o N\u00famero 197/2021 </b><b>- </b><b>ALDEVAM LIMA ARA\u00daJO (Van do G\u00e1s)</b><b> </b>seja oficiado ao Excelent\u00edssimo Sr. Prefeito Municipal, solicitando de Sua Excel\u00eancia, entrar em entendimento com o setor competente no sentido de<b> realizar a constru\u00e7\u00e3o de cal\u00e7ada no canteiro existente entre a Rua Santa L\u00facia e a Avenida Ibat\u00e9; </b>e ainda<b>, </b>que seja realizada a<b> constru\u00e7\u00e3o de uma academia ao ar livre no bairro Jardim Vista Alegre, que contenha equipamentos extras para deficientes f\u00edsicos.</b></p>\r\n<p><b>Indica\u00e7\u00e3o N\u00famero 1</b><b>98</b><b>/2021 \u2013</b><b> ALDEVAM LIMA ARA\u00daJO (Van do G\u00e1s) </b>seja oficiado ao Excelent\u00edssimo Sr. Prefeito Municipal, solicitando de Sua Excel\u00eancia, entrar em entendimento com o setor competente no sentido de<b> </b><b>se construir um campinho de areia para pr\u00e1tica de esportes (v\u00f4lei, futebol entre outros), no espa\u00e7o existente entre as ruas Rouxinol e Luiz Gonzaga Maia, no bairro Recanto dos P\u00e1ssaros.</b></p>\r\n<p><b>Indica\u00e7\u00e3o N\u00famero 199/2021 \u2013</b><b> ALDEVAM LIMA ARA\u00daJO (Van do G\u00e1s) </b>seja<b> </b>oficiado ao Excelent\u00edssimo Sr. Prefeito Municipal, solicitando de Sua Excel\u00eancia, entrar em entendimento com o setor competente no sentido de<b> </b><b>realizar recapeamento ou opera\u00e7\u00e3o tapa-buracos nas seguintes vias do Munic\u00edpio: </b>Rua Jo\u00e3o Bernardo Muniz, localizada no bairro Jardim Santa Terezinha; Rua Rubens Spolaore, localizada no bairro Jardim Maria Luiza; Alameda M\u00e1rio Cavalari, localizada no bairro Jardim S\u00e3o Jos\u00e9 II; Avenida Lia Della Rovere Furkim, localizada no bairro Jardim S\u00e3o Jos\u00e9 I; e Rua Renato Marsili, localizada no bairro Jardim S\u00e3o Jos\u00e9 I.</p>\r\n<p><b>Indica\u00e7\u00e3o N\u00famero 200/2021 \u2013 LEANDRO HENRIQUE MORALLES (Leandro Mancha)</b><b> \u00a0</b>\u00a0seja oficiado ao Excelent\u00edssimo Sr. Prefeito Municipal, solicitando de Sua Excel\u00eancia, entrar em entendimento com o setor competente no sentido de<b> conceder reajuste salarial para o cargo de Assistente Social, equiparando-o ao sal\u00e1rio pago ao cargo de Psic\u00f3logo.</b></p>\r\n<p><b>Indica\u00e7\u00e3o N\u00famero 201/2021 \u2013 LEANDRO HENRIQUE MORALLES (Leandro Mancha)</b> \u00a0seja oficiado ao Excelent\u00edssimo Sr. Prefeito Municipal, solicitando de Sua Excel\u00eancia, entrar em entendimento com o setor competente no sentido de<b> </b><b>realizar cal\u00e7amento em toda a extens\u00e3o da linha do trem, nos limites do munic\u00edpio.</b></p>\r\n<p><b>Indica\u00e7\u00e3o N\u00famero 202/2021 \u2013 SILAS FERNANDES PINTO (Silas da Sadia)</b> seja oficiado ao Excelent\u00edssimo Sr. Prefeito Municipal, solicitando de Sua Excel\u00eancia, entrar em entendimento com o setor competente no sentido de<b> </b><b>implantar lombada nas seguintes vias do Munic\u00edpio: Rua 5, bairro Jardim Luis Ometto, na altura do n\u00ba 200; e Rua 8, bairro Jardim Luis Ometto, na altura do n\u00ba 200 e n\u00ba 250.</b><b></b></p>\r\n<p><b>Indica\u00e7\u00e3o N\u00famero 203/2021 \u2013 SILAS FERNANDES PINTO (Silas da Sadia)</b> seja oficiado ao Excelent\u00edssimo Sr. Prefeito Municipal, solicitando de Sua Excel\u00eancia, entrar em entendimento com o setor competente no sentido de<b> </b><b>implantar uma lombada na Rua E, do bairro Jardim Novo Am\u00e9rico, </b>mais precisamente na altura do n\u00ba 509.</p>\r\n<p><b>Indica\u00e7\u00e3o N\u00famero 204/2021 \u2013 </b><b>TRAJANO DE OLIVEIRA FILHO (Trajano Filho)</b> seja oficiado ao Excelent\u00edssimo Sr. Prefeito Municipal, solicitando de Sua Excel\u00eancia, entrar em entendimento com o setor competente no sentido de<b> </b><b>avaliar a retirada de uma \u00e1rvore que se encontra em risco de queda, na rua Fernando Prestes, no bairro Jardim Vista Alegre, em frente ao n\u00ba 644.</b></p>\r\n<p><b>Indica\u00e7\u00e3o N\u00famero 205/2021 \u2013 </b><b>TRAJANO DE OLIVEIRA FILHO (Trajano Filho)</b> seja oficiado ao Excelent\u00edssimo Sr. Prefeito Municipal, solicitando de Sua Excel\u00eancia, entrar em entendimento com o setor competente no sentido de<b> </b><b>implantar um redutor de velocidade (lombada), na Rua Par\u00e1, pr\u00f3ximo ao n\u00ba 140, do bairro Sinh\u00e1 Prado Guimar\u00e3es, </b>visto que os ve\u00edculos trafegam em alta velocidade pelo local.</p>\r\n<p><b>Indica\u00e7\u00e3o N\u00famero 206/2021 \u2013 </b><b>VALDEIR BEZERRA DA SILVA (Dega da Padaria)</b><b> </b>seja oficiado ao Excelent\u00edssimo Sr. Prefeito Municipal, solicitando de Sua Excel\u00eancia, entrar em entendimento com o setor competente no sentido de<b> </b><b>realizar melhorias na ilumina\u00e7\u00e3o da quadra e do parquinho infantil do bairro Jardim Para\u00edso.</b></p>\r\n<p><b>Indica\u00e7\u00e3o N\u00famero 207/2021 \u2013 </b><b>VALDEIR BEZERRA DA SILVA (Dega da Padaria) </b>seja oficiado ao Excelent\u00edssimo Sr. Prefeito Municipal, solicitando de Sua Excel\u00eancia, entrar em entendimento com o setor competente no sentido de<b> </b><b>competente, no sentido de sinalizar as vagas de moto na avenida Francisco Martiminiano de Oliveira, no Centro, em frente\u00a0 \u00e0 pizzaria Ponto da Esfirra.</b></p>\r\n<p><b>Indica\u00e7\u00e3o N\u00famero 208/2021 \u2013 </b><b>VALDEIR BEZERRA DA SILVA (Dega da Padaria) </b>seja oficiado ao Excelent\u00edssimo Sr. Prefeito Municipal, solicitando de Sua Excel\u00eancia, entrar em entendimento com o setor competente no <b>implantar uma lombada na Rua 6, do bairro Jardim Luis Ometto 2, mais precisamente na altura do n\u00ba 652.</b></p>\r\n<p><b>Indica\u00e7\u00e3o N\u00famero 209/2021 \u2013 MARLY LUZIA HELD PAV\u00c3O (Marly Pav\u00e3o)</b> seja oficiado ao Excelent\u00edssimo Sr. Prefeito Municipal, solicitando de Sua Excel\u00eancia, entrar em entendimentos com o setor municipal competente,<b> visando a coloca\u00e7\u00e3o de sem\u00e1foro de quatro pontos no cruzamento da Rua Francisco Martimiano de Oliveira com a Avenida Princesa Isabel.</b></p>\r\n<p><b>Indica\u00e7\u00e3o N\u00famero </b><b>210</b><b>/2021 - JOS\u00c9 M\u00c1RIO SILVA DOS ANJOS (Bahia do Corte)</b> \u00a0seja oficiado ao Excelent\u00edssimo Sr. Prefeito Municipal, solicitando de Sua Excel\u00eancia, entrar em entendimento com o setor competente no sentido de<b> </b><b>realizar a limpeza das galerias pluviais na avenida Isaac Azevedo defronte ao n\u00famero 563 no bairro Luis Ometo II (Avenida 8)</b><b>. </b></p>\r\n<p>\u00a0</p>\r\n<p align=\"center\" class=\"western\"><b>REQUERIMENTOS</b></p>\r\n<p align=\"center\" class=\"western\">\u00a0</p>\r\n<p><b>Requerimento N\u00famero 102/2021 \u2013 </b><b>DIEGO RODRIGUES DE SOUZA (Diego Viveiros) </b>seja oficiado ao Excelent\u00edssimo Sr. <b>DIRCEU BR\u00c1S PANO</b>, Dign\u00edssimo Prefeito Municipal, solicitando de Sua Excel\u00eancia, entrar em entendimento com setor competente, no sentido de enviar a esta Casa de Leis c\u00f3pia do Processo n\u00ba 0102/2021 \u2013 Preg\u00e3o Presencial n\u00ba 0040/2021.</p>\r\n<p><b>Requerimento N\u00famero 103/2021 \u2013 </b><b>JOS\u00c9 M\u00c1RIO SILVA DOS ANJOS (Bahia do Corte)</b><b> </b>seja oficiado ao Excelent\u00edssimo Sr. <b>DIRCEU BR\u00c1S PANO</b>, Dign\u00edssimo Prefeito Municipal, solicitando de Sua Excel\u00eancia, entrar em entendimento com o setor competente e responder os seguintes questionamentos: H\u00e1 fiscaliza\u00e7\u00e3o peri\u00f3dica das caixas d\u2019\u00e1gua das escolas e creches?; e\u00a0 Qual foi a \u00faltima vez que foi realizada a limpeza?; e requeiro<b> </b>tamb\u00e9m, a Requisi\u00e7\u00e3o, a Ordem de Fornecimento e o Empenho com nota fiscal do \u00faltimo servi\u00e7o de limpeza nas caixas d\u2019\u00e1gua das escolas e creches.</p>\r\n<p><b>Requerimento N\u00famero 104/2021 \u2013 </b><b>JOS\u00c9 M\u00c1RIO SILVA DOS ANJOS (Bahia do Corte)</b><b> </b>seja oficiado ao Excelent\u00edssimo Sr. <b>DIRCEU BR\u00c1S PANO</b>, Dign\u00edssimo Prefeito Municipal, solicitando de Sua Excel\u00eancia, entrar em entendimento com o setor competente e informar a esta Casa de Leis por qual motivo n\u00e3o foi instalado telefone fixo na Unidade de Sa\u00fade Fam\u00edlia \u2013 USF \u201cMaria Aparecida Alves (Dona Tita)\u201d, localizada no bairro Jardim Luis Ometto\u201d.</p>\r\n<p><b>Requerimento N\u00famero 105/2021 \u2013</b><b> JOS\u00c9 ROBERTO DE ANDRADE (Z\u00e9 Roberto)</b><b> </b>seja oficiado ao Excelent\u00edssimo Sr. <b>DIRCEU BR\u00c1S PANO</b>, Dign\u00edssimo Prefeito Municipal, solicitando de Sua Excel\u00eancia informar a esta Casa de Leis o motivo de estar ocorrendo a longa espera para realizar os exames de ultrassonografia, e ainda informar se o m\u00e9dico respons\u00e1vel por este atendimento j\u00e1 foi advertido quanto ao descumprimento do seu hor\u00e1rio, e se em caso afirmativo, informar por qual raz\u00e3o n\u00e3o houve a substitui\u00e7\u00e3o por outro, que respeite o hor\u00e1rio dos exames, oferecendo desta forma um atendimento de dignidade e qualidade \u00e0 nossa popula\u00e7\u00e3o.</p>\r\n<p><b>Requerimento N\u00famero 106/2021 \u2013</b><b> JOS\u00c9 ROBERTO DE ANDRADE (Z\u00e9 Roberto)</b><b> </b>seja oficiado ao Excelent\u00edssimo Sr. <b>DIRCEU BR\u00c1S PANO</b>, Dign\u00edssimo Prefeito Municipal, solicitando de Sua Excel\u00eancia informar a esta Casa de Leis o que segue: Ser\u00e1 implantado Distrito Industrial no loteamento da \u00e1rea pr\u00f3ximo \u00e0 pista de caminhada/ciclismo?; Em caso afirmativo, existe planejamento para prote\u00e7\u00e3o da \u00e1rea ambiental do local?; e Em caso negativo, h\u00e1 planos para melhorias paisag\u00edsticas no local, incluindo a continua\u00e7\u00e3o da pista de caminhada e maior arboriza\u00e7\u00e3o no local?</p>\r\n<p><b>Requerimento N\u00famero 107/2021 </b><b>\u2013 MARLY LUZIA HELD PAV\u00c3O (Marly Pav\u00e3o)</b> seja oficiado ao Excelent\u00edssimo Sr. <b>DIRCEU BR\u00c1S PANO</b>, Dign\u00edssimo Prefeito Municipal, solicitando de Sua Excel\u00eancia, entrar em entendimento com o setor competente no sentido de fornecer a esta Casa de Leis explica\u00e7\u00f5es a respeito do loteamento Cana\u00e3, no bairro das Cabaceiras e do loteamento de propriedade de Carlos Alberto do Carmo Faria.</p>\r\n<p><b>Requerimento N\u00famero 108/2021 </b><b>\u2013 MARLY LUZIA HELD PAV\u00c3O (Marly Pav\u00e3o)</b> seja oficiado ao Excelent\u00edssimo Sr. <b>DIRCEU BR\u00c1S PANO</b>, Dign\u00edssimo Prefeito Municipal, solicitando de Sua Excel\u00eancia, informar a esta Casa de Leis o valor atual da Taxa de Ilumina\u00e7\u00e3o P\u00fablica \u2013 TIP e quais foram as melhorias realizadas na ilumina\u00e7\u00e3o p\u00fablica no ano passado e no corrente exerc\u00edcio, bem como respectivos pagamentos.</p>\r\n<p><b>Requerimento N\u00famero 109/2021 </b><b>\u2013 MARLY LUZIA HELD PAV\u00c3O (Marly Pav\u00e3o)</b> seja oficiado ao Excelent\u00edssimo Sr. <b>DIRCEU BR\u00c1S PANO</b>, Dign\u00edssimo Prefeito Municipal, solicitando de Sua Excel\u00eancia, entrar em entendimento com o setor competente no sentido de pedir explica\u00e7\u00f5es a respeito da constru\u00e7\u00e3o da continuidade da cal\u00e7ada que vai desde o bal\u00e3o da antiga Sadia at\u00e9 a altura do pr\u00e9dio da Furp, na alameda Aldo Lupo e da ilumina\u00e7\u00e3o p\u00fablica deste local; e tamb\u00e9m, que se envie o nome do respons\u00e1vel por esta obra e documento contendo informa\u00e7\u00e3o a respeito de como se dar\u00e1 a contrapartida para receber de volta aquilo que foi investido nesta obra.</p>\r\n<p>\u00a0</p>\r\n<p align=\"center\" class=\"Standard\"><b>MO\u00c7\u00c3O</b></p>\r\n<p align=\"center\" class=\"Standard\"><b>Mo\u00e7\u00e3o n\u00famero 067/2021 \u2013 </b><b>JOS\u00c9 M\u00c1RIO SILVA DOS ANJOS (Bahia do Corte)</b><b> </b><span>seja registrado na Ata dos trabalhos de hoje, </span><b>MO\u00c7\u00c3O DE AGRADECIMENTO</b><span> \u00e0 empresa </span><b>FM COPLINZ.</b></p>\r\n<p class=\"Standard\">\u00a0</p>\r\n<p class=\"Standard\"><b>Mo\u00e7\u00e3o n\u00famero 068/2021 \u2013 </b><b>DIEGO RODRIGUES DE SOUZA (Diego Viveiros)</b><b> </b>seja consignado na ata dos trabalhos de hoje, voto de profundo pesar pelo falecimento do Senhor<b> </b><b>AD\u00c3O PIRES,</b> ocorrido no \u00faltimo dia 24.</p>\r\n<p class=\"Standard\">\u00a0</p>\r\n<p class=\"Standard\"><b>Mo\u00e7\u00e3o n\u00famero 069/2021 \u2013 </b><b>DIEGO RODRIGUES DE SOUZA (Diego Viveiros)</b><b> </b>seja consignado na ata dos trabalhos de hoje, voto de profundo pesar pelo falecimento do Senhor<b> JOS\u00c9 BRITO LUPPI, </b>ocorrido no \u00faltimo dia 19.</p>\r\n<p class=\"Standard\">\u00a0</p>\r\n<p class=\"Standard\"><b>Mo\u00e7\u00e3o n\u00famero 070/2021 \u2013 </b><b>SILAS FERNANDES PINTO (Silas da Sadia) e JOS\u00c9 ROBERTO DE ANDRADE (Z\u00e9 Roberto) </b>seja consignado na ata dos trabalhos de hoje, voto de profundo pesar pelo falecimento da Senhora<b> NEUZA DOS SANTOS PINTO, </b>ocorrido no \u00faltimo dia 20.</p>\r\n<p class=\"Standard\">\u00a0</p>\r\n<p class=\"Standard\"><b>Mo\u00e7\u00e3o n\u00famero 071/2021 \u2013 </b><b>M</b><b>AICON RIOS DE SOUZA</b> seja consignado na ata dos trabalhos de hoje, voto de profundo pesar pelo falecimento do Senhor<b> </b><b>ESAIAS MORAES DUQUE</b><b>, </b>ocorrido no \u00faltimo dia 02.</p>\r\n<p class=\"Standard\">\u00a0</p>\r\n<ul>\r\n<li>Para assistir a Sess\u00e3o na \u00edntegra, siga pelo link https://www.youtube.com/watch?v=4IC8qmAhGis</li>\r\n</ul>\r\n<p>\u00a0</p>\r\n<ul>\r\n<li>Acompanhe tamb\u00e9m nosso Canal do Youtube -</li>\r\n</ul>\r\n<p>https://www.youtube.com/channel/UCXkHkbDa_IEDbrqOJT_CgKA</p>\r\n<p>\u00a0</p>", "author_name": "administrador", "version": "1.0", "author_url": "https://camaraamericobrasiliense.sp.gov.br/author/administrador", "provider_name": "C\u00e2mara Municipal", "type": "rich"}