{"provider_url": "https://camaraamericobrasiliense.sp.gov.br", "title": "RESUMO SESS\u00c3O DO DIA 20/09", "html": "<p align=\"center\" class=\"ndice\"><b>INDICA\u00c7\u00d5ES</b></p>\r\n<p align=\"center\" class=\"ndice\">\u00a0</p>\r\n<p><b>Indica\u00e7\u00e3o N\u00famero </b><b>211</b><b>/2021 - JOS\u00c9 M\u00c1RIO SILVA DOS ANJOS (Bahia do Corte)</b> \u00a0seja oficiado ao Excelent\u00edssimo Sr. Prefeito Municipal, solicitando de Sua Excel\u00eancia, entrar em entendimento com o setor competente no sentido de <b>adquirir cadeiras de rodas e muletas ao Departamento de Sa\u00fade,</b> com o intuito de atender um maior n\u00famero de pacientes que necessitam dos mesmos.</p>\r\n<p>\u00a0</p>\r\n<p><b>Indica\u00e7\u00e3o N\u00famero </b><b>212</b><b>/2021 - JOS\u00c9 M\u00c1RIO SILVA DOS ANJOS (Bahia do Corte)</b> \u00a0seja oficiado ao Excelent\u00edssimo Sr. Prefeito Municipal, solicitando de Sua Excel\u00eancia, entrar em entendimento com o setor competente no sentido de <b>melhorar a sinaliza\u00e7\u00e3o de tr\u00e2nsito, com a pintura de faixa de pedestres, interligando os dois pontos de \u00f4nibus existentes na Alameda Aldo Lupo</b>.</p>\r\n<p>\u00a0</p>\r\n<p><b>Indica\u00e7\u00e3o N\u00famero </b><b>213</b><b>/2021 - JOS\u00c9 M\u00c1RIO SILVA DOS ANJOS (Bahia do Corte)</b> \u00a0seja oficiado ao Excelent\u00edssimo Sr. Prefeito Municipal, solicitando de Sua Excel\u00eancia, entrar em entendimento com o setor competente no sentido de <b>implementar a ilumina\u00e7\u00e3o no Recinto Municipal, </b>visto que est\u00e1 tudo apagado.</p>\r\n<p>\u00a0</p>\r\n<p><b>Indica\u00e7\u00e3o N\u00famero </b><b>214</b><b>/2021 \u2013 ALCIDES LUIS DE CARVALHO (Cid\u00e3o Mineiro)</b> \u00a0seja oficiado ao Excelent\u00edssimo Sr. Prefeito Municipal, solicitando de Sua Excel\u00eancia, entrar em entendimento com o setor competente no sentido de <b>realizar manuten\u00e7\u00e3o e reparos nos brinquedos do playground existente na CER \u201cVera L\u00facia Cavassani\u201d, do bairro Jardim S\u00e3o Jos\u00e9.</b></p>\r\n<p>\u00a0</p>\r\n<p><b>Indica\u00e7\u00e3o N\u00famero 215/2021 \u2013 </b><b>VALDEIR BEZERRA DA SILVA (Dega da </b><b>Padaria) </b>seja oficiado ao Excelent\u00edssimo Sr. Prefeito Municipal, solicitando de Sua Excel\u00eancia, entrar em entendimento com o setor competente no sentido de <b>instalar redutor de velocidade (lombada) e sinalizar estacionamento para motos na Rua Maria Mendes, defronte ao im\u00f3vel n\u00b0 69, no bairro Jardim Vila Cerqueira.</b></p>\r\n<p><b>\u00a0</b></p>\r\n<p><b>Indica\u00e7\u00e3o N\u00famero 216/2021 \u2013 </b><b>VALDEIR BEZERRA DA SILVA (Dega da Padaria) </b>seja oficiado ao Excelent\u00edssimo Sr. Prefeito Municipal, solicitando de Sua Excel\u00eancia, entrar em entendimento com o setor competente no sentido de <b>recuperar e erguer o redutor de velocidade (lombada) existente na Rua Toledo Pizza, pr\u00f3xima ao cruzamento com a Avenida Luigi Romania, no bairro Jardim Ponte Alta.</b></p>\r\n<p>\u00a0</p>\r\n<p><b>Indica\u00e7\u00e3o N\u00famero 217/2021 \u2013 </b><b>VALDEIR BEZERRA DA SILVA (Dega da Padaria) </b>seja oficiado ao Excelent\u00edssimo Sr. Prefeito Municipal, solicitando de Sua Excel\u00eancia, entrar em entendimento com o setor competente no sentido de <b>reduzir o valor cobrado pela concess\u00e3o por prazo indeterminado de terrenos para sepultura, bem como pelos valores de material e m\u00e3o de obra das carneiras, com o objetivo de facilitar a aquisi\u00e7\u00e3o pelos mun\u00edcipes que j\u00e1 sofrem com a perda de seu ente querido e tem de assumir uma d\u00edvida com a qual n\u00e3o podem arcar</b>.</p>\r\n<p>\u00a0</p>\r\n<p><b>Indica\u00e7\u00e3o N\u00famero 218/2021 \u2013 LEANDRO HENRIQUE MORALLES (Leandro Mancha)</b><b> \u00a0</b>\u00a0seja oficiado ao Excelent\u00edssimo Sr. Prefeito Municipal, solicitando de Sua Excel\u00eancia, entrar em entendimento com o setor competente no sentido de <b>realizar o agendamento das pessoas que ir\u00e3o tomar a vacina contra a COVID-19,</b> a exemplo do Munic\u00edpio de S\u00e3o Carlos, cujo objetivo \u00e9 evitar filas de espera e aglomera\u00e7\u00f5es.</p>\r\n<p>\u00a0</p>\r\n<p><b>Indica\u00e7\u00e3o N\u00famero 219/2021 \u2013 LEANDRO HENRIQUE MORALLES (Leandro Mancha)</b> \u00a0seja oficiado ao Excelent\u00edssimo Sr. Prefeito Municipal, solicitando de Sua Excel\u00eancia, entrar em entendimento com o setor competente no sentido de <b>celebrar o conv\u00eanio com a Secretaria de Seguran\u00e7a P\u00fablica Estadual</b>, conforme autorizado pela Lei n\u00b0 2164, de 06 de dezembro de 2017.</p>\r\n<p>\u00a0</p>\r\n<p><b>Indica\u00e7\u00e3o N\u00famero 220/2021 \u2013 LEANDRO HENRIQUE MORALLES (Leandro Mancha)</b> \u00a0seja oficiado ao Excelent\u00edssimo Sr. Prefeito Municipal, solicitando de Sua Excel\u00eancia, entrar em entendimento com o setor competente no sentido de <b>implementar redutor de velocidade (lombada) na Avenida Joaquim Pinto Pereira de Almeida, na altura do im\u00f3vel n\u00famero 151, </b>com o objetivo de diminuir a velocidade exercida pelos motoristas no referido local.</p>\r\n<p>\u00a0</p>\r\n<p><b>Indica\u00e7\u00e3o N\u00famero 221/2021 \u2013 MARLY LUZIA HELD PAV\u00c3O (Marly Pav\u00e3o)</b> seja oficiado ao Excelent\u00edssimo Sr. Prefeito Municipal, solicitando de Sua Excel\u00eancia, \u00a0entrar em entendimento com o setor competente no sentido de <b>formar um viveiro de muda de \u00e1rvores para replantio nas vias p\u00fablicas e logradouros p\u00fablicos de nosso munic\u00edpio.</b></p>\r\n<p>\u00a0</p>\r\n<p><b>Indica\u00e7\u00e3o N\u00famero 222/2021 \u2013 ROBERTO RODRIGUES JOB (Roberto da Anchieta)</b> seja oficiado ao Excelent\u00edssimo Sr. Prefeito Municipal, solicitando de Sua Excel\u00eancia, entrar em entendimento com o setor competente no sentido de <b>implantar redutores de velocidade (lombadas) nas seguintes vias do Munic\u00edpio: Rua Jos\u00e9 Carlesci, bairro Jardim Santa Terezinha, na altura do im\u00f3vel n\u00famero 140; e Rua Ana Pinto, bairro Jardim Maria Luiza, na altura do im\u00f3vel n\u00famero 30.</b></p>\r\n<p>\u00a0</p>\r\n<p><b>Indica\u00e7\u00e3o N\u00famero 223/2021 \u2013 </b><b>JOS\u00c9 ROBERTO DE ANDRADE (Z\u00e9 Roberto) </b>seja oficiado ao Excelent\u00edssimo Sr. Prefeito Municipal, solicitando de Sua Excel\u00eancia, entrar em entendimento com o setor competente no sentido de <b>realizar as seguintes melhorias na Pra\u00e7a \u201cEduardo Estevam\u201d, </b>localizado no bairro Residencial Alian\u00e7a: <b>limpeza e retirada de entulho em toda extens\u00e3o da pra\u00e7a, coloca\u00e7\u00e3o de playground e bancos, bem como a instala\u00e7\u00e3o de bebedouro</b>.</p>\r\n<p>\u00a0</p>\r\n<p align=\"center\" class=\"western\"><b>\u00a0</b></p>\r\n<p align=\"center\" class=\"western\"><b>REQUERIMENTOS</b></p>\r\n<p align=\"center\" class=\"western\">\u00a0</p>\r\n<p><b>Requerimento N\u00famero 110/2021 </b><b>\u2013 MARLY LUZIA HELD PAV\u00c3O (Marly Pav\u00e3o)</b> seja oficiado ao Excelent\u00edssimo Sr. <b>DIRCEU BR\u00c1S PANO</b>, Dign\u00edssimo Prefeito Municipal, solicitando de Sua Excel\u00eancia, entrar em entendimento com a Diretora de Educa\u00e7\u00e3o, a Ilustr\u00edssima Senhora <b>ELIZANDRA MARQUES DE ASSUMP\u00c7\u00c3O</b>, a fim de informar a esta Casa de Leis, a respeito do retorno do funcionamento dos Centros de Educa\u00e7\u00e3o e Recrea\u00e7\u00e3o (CER\u2019s), qual o planejamento executado para o retorno, e a data para o retorno das atividades educativas.</p>\r\n<p>\u00a0</p>\r\n<p>\u00a0</p>\r\n<p align=\"center\" class=\"Standard\"><b>MO\u00c7\u00d5ES</b></p>\r\n<p align=\"center\" class=\"Standard\">\u00a0</p>\r\n<p class=\"Standard\">\u00a0</p>\r\n<p class=\"Standard\"><b>Mo\u00e7\u00e3o n\u00famero 072/2021 \u2013 </b><b>ROBERTO RODRIGUES JOB (Roberto da Anchieta)</b> <b>e DIEGO RODRIGUES DE SOUZA (Diego Viveiros)</b> seja consignado na ata dos trabalhos de hoje, voto de profundo pesar pelo falecimento do Senhor<b> </b><b>LUIZ ALEXANDRE DOTTI</b>,<b> </b>ocorrido no dia 18 de agosto.</p>\r\n<p class=\"Standard\">\u00a0</p>\r\n<p class=\"Standard\">\u00a0</p>\r\n<p align=\"center\" class=\"Standard\"><b>ORDEM DO DIA</b></p>\r\n<ul>\r\n<li><b>REQUERIMENTO DE URG\u00caNCIA ESPECIAL N\u00ba 17/2021 - Cid\u00e3o Mineiro, Roberto Da Anchieta , Silas Da Sadia, Van Do G\u00e1s, Z\u00e9 Roberto</b>, que inclui na Ordem do Dia o Projeto de Lei n\u00b0 047/2021 \u2013 <b>APROVADO</b><b></b></li>\r\n<li><b>PROJETO DE LEI ORDIN\u00c1RIA N\u00ba 47/2021 - Executivo Municipal</b>, que disp\u00f5e sobre a abertura de cr\u00e9ditos adicionais especial e suplementar e d\u00e1 outras provid\u00eancias <b>\u2013 APROVADO.</b><b></b></li>\r\n<li><b>REQUERIMENTO DE URG\u00caNCIA ESPECIAL N\u00ba 18/2021 - Cid\u00e3o Mineiro, Roberto Da Anchieta , Silas Da Sadia, Van Do G\u00e1s, Z\u00e9 Roberto</b>, que inclui na Ordem do Dia o Projeto de Lei n\u00b0 049/2021 <b>\u2013 APROVADO.</b> <b></b></li>\r\n<li><b>PROJETO DE LEI ORDIN\u00c1RIA N\u00ba 49/2021</b> - Executivo Municipal, que autoriza a doa\u00e7\u00e3o ou destrui\u00e7\u00e3o de bens inserv\u00edveis do Patrim\u00f4nio P\u00fablico Municipal, e d\u00e1 outras provid\u00eancias. \u2013 <b>APROVADO.</b><b></b></li>\r\n<li><b>REQUERIMENTO DE URG\u00caNCIA ESPECIAL N\u00ba 19/2021 - Cid\u00e3o Mineiro, Roberto Da Anchieta , Silas Da Sadia, Van Do G\u00e1s, Z\u00e9 Roberto,</b> que inclui na Ordem do Dia o Projeto de Lei n\u00b0 050/2021 <b>\u2013 APROVADO.</b> \u00a0<b></b></li>\r\n<li><b>PROJETO DE LEI ORDIN\u00c1RIA N\u00ba 50/2021 -</b> Executivo Municipal, que disp\u00f5e sobre a de abertura de cr\u00e9ditos adicionais especiais, e d\u00e1 outras provid\u00eancias. \u2013 <b>APROVADO.</b> \u00a0<b></b></li>\r\n<li><b>PROJETO DE LEI ORDIN\u00c1RIA N\u00ba 42/2021 - Executivo Municipal</b>, que \u00a0autoriza o Munic\u00edpio de Am\u00e9rico Brasiliense \u00e0 Participar do Cons\u00f3rcio Intermunicipal Culturando e ratifica a assinatura do Prefeito Municipal no Termo Aditivo ao Contrato de Cria\u00e7\u00e3o do Cons\u00f3rcio, nos termos da Lei Federal n\u00b0 11.107, de 6 de abril de 2005 e Decreto Federal n\u00b0 6.017, de 17 de janeiro de 2007. \u2013 <b>APROVADO.</b><b></b></li>\r\n<li><b>\u00a0PROJETO DE LEI ORDIN\u00c1RIA N\u00ba 43/2021 - Bahia Do Corte,</b> que d\u00e1 denomina\u00e7\u00e3o de \"ELSO LUIZ DE PAULO\" \u00e0 pista de caminhada/ciclovia que especifica e d\u00e1 outras provid\u00eancias \u2013 <b>APROVADO.</b><b></b></li>\r\n<li>\u00a0<b>PROJETO DE LEI ORDIN\u00c1RIA N\u00ba 44/2021 - Silas Da Sadia, </b>que d\u00e1 denomina\u00e7\u00e3o de \u201cJOS\u00c9 MARIA DE OLIVEIRA\u201d \u00e0 pra\u00e7a de Lazer e Esportes que especifica e d\u00e1 outras provid\u00eancias. \u2013 <b>APROVADO.</b><b></b></li>\r\n<li><b>PROJETO DE LEI ORDIN\u00c1RIA N\u00ba 45/2021 - Executivo Municipal</b>, que altera a Lei n\u00b0 2298, de 19 de junho de 2020, Lei n\u00b0 2323, de 19 de novembro de 2020 e d\u00e1 outras provid\u00eancias. <b>\u2013 APROVADO.</b><b></b></li>\r\n<li><b>PROJETO DE RESOLU\u00c7\u00c3O N\u00ba 3/2021 - Dega Da Padaria, Roberto Da Anchieta , Silas Da Sadia, Z\u00e9 Roberto , Z\u00e9lia Protetora Dos Animais,</b> que altera o artigo 108 da Resolu\u00e7\u00e3o n\u00ba 002 de 15 de dezembro de 2020, para modificar o hor\u00e1rio de funcionamento das Sess\u00f5es Ordin\u00e1rias da C\u00e2mara Municipal e d\u00e1 outras provid\u00eancias - \u00a0<b>PEDIDO DE ADIAMENTO</b><b></b></li>\r\n<li><b>PROJETO DE EMENDA \u00c0 LEI ORG\u00c2NICA N\u00ba 1/2021 - Dega Da Padaria, Roberto Da Anchieta , Silas Da Sadia, Z\u00e9 Roberto , Z\u00e9lia Protetora Dos Animais,</b> que altera o artigo 37 , inciso I, da Lei Org\u00e2nica, para modificar o hor\u00e1rio de funcionamento das Sess\u00f5es Ordin\u00e1rias da C\u00e2mara Municipal e d\u00e1 outras provid\u00eancias \u2013 <b>PEDIDO DE ADIAMENTO</b><b></b></li>\r\n</ul>\r\n<p align=\"center\" class=\"Standard\">\u00a0</p>\r\n<p class=\"Standard\">\u00a0<span>\u00a0</span></p>\r\n<ul>\r\n<li><strong>Para assistir a Sess\u00e3o na \u00edntegra, siga pelo link <a href=\"https://www.youtube.com/watch?v=H-uGWdrKgYM\">https://www.youtube.com/watch?v=H-uGWdrKgYM</a></strong></li>\r\n</ul>\r\n<p><strong>\u00a0</strong></p>\r\n<ul>\r\n<li><strong>Acompanhe tamb\u00e9m nosso Canal do Youtube -</strong></li>\r\n</ul>\r\n<p><strong>https://www.youtube.com/channel/UCXkHkbDa_IEDbrqOJT_CgKA</strong></p>", "author_name": "administrador", "version": "1.0", "author_url": "https://camaraamericobrasiliense.sp.gov.br/author/administrador", "provider_name": "C\u00e2mara Municipal", "type": "rich"}