{"provider_url": "https://camaraamericobrasiliense.sp.gov.br", "title": "RESUMO SESS\u00c3O DO DIA 03/11", "html": "<p align=\"center\"><span><span><b>INDICA\u00c7\u00d5ES</b></span></span></p>\r\n<p align=\"justify\" class=\"western\">\u00a0</p>\r\n<p align=\"justify\" class=\"western\"><span><span><b>Indica\u00e7\u00e3o N\u00famero </b></span></span><span><span><b>247</b></span></span><span><span><b>/2021 \u2013 </b></span></span><span><span><span><b>ALCIDES LUIS DE CARVALHO (Cid\u00e3o Mineiro)</b></span></span></span><span><span> </span></span><span><span><span>seja oficiado ao Excelent\u00edssimo Senhor Prefeito Municipal, solicitando de Sua Excel\u00eancia, entrar em entendimento com o setor competente no sentido de</span></span></span><span><span><b> realizar a troca da areia da quadra do Gin\u00e1sio Municipal, o mais breve poss\u00edvel, e ainda, implementar a ilumina\u00e7\u00e3o nesse local.</b></span></span></p>\r\n<p align=\"justify\" class=\"western\"><span><span><b>Indica\u00e7\u00e3o N\u00famero </b></span></span><span><span><b>248</b></span></span><span><span><b>/2021 \u2013 </b></span></span><span><span><span><b>ALCIDES LUIS DE CARVALHO (Cid\u00e3o Mineiro)</b></span></span></span><span><span><b> </b></span></span><span><span><span>s</span></span></span><span><span><span>eja oficiado ao Excelent\u00edssimo Senhor Prefeito Municipal, solicitando de Sua Excel\u00eancia, entrar em entendimento com o setor competente no sentido de realizar a </span></span></span><span><span><b>limpeza das galerias pluviais </b></span></span><span><span><span>localizadas nas seguintes vias do Munic\u00edpio: </span></span></span><span><b>Rua Manoel Borba, trecho que compreende os bairros, Jardim Para\u00edso, Jardim Santa Rita e Sinh\u00e1 Prado Guimar\u00e3es</b></span><span>; e </span><span><span><b>Avenida Araraquara, localizada no bairro Jardim Vista Alegre.</b></span></span></p>\r\n<p align=\"justify\" class=\"western\"><span><span><b>Indica\u00e7\u00e3o N\u00famero </b></span></span><span><span><b>249</b></span></span><span><span><b>/2021 \u2013 </b></span></span><span><span><span><b>ALCIDES LUIS DE CARVALHO (Cid\u00e3o Mineiro)</b></span></span></span><span><span><b> </b></span></span><span><span><span>seja oficiado ao Excelent\u00edssimo Senhor Prefeito Municipal, solicitando de Sua Excel\u00eancia, entrar em entendimento com o setor competente no sentido de implementar a </span></span></span><span><span><b>ilumina\u00e7\u00e3o na Rua Jos\u00e9 Vieira Nunes, localizada entre a Avenida Ant\u00f4nio Gouv\u00eaa e a Avenida Secondo Della Rovere, </b></span></span><span><span><span>visto que est\u00e1 muito escuro, aonde se encontra instalado o ponto de \u00f4nibus.</span></span></span></p>\r\n<p align=\"justify\" class=\"western\"><span><span><b>Indica\u00e7\u00e3o N\u00famero </b></span></span><span><span><b>250</b></span></span><span><span><b>/2021 - </b></span></span><span><span><span><b>JOS\u00c9 M\u00c1RIO SILVA DOS ANJOS (Bahia do Corte)</b></span></span></span><span><span> </span></span><span><span> </span></span><span><span><span>seja oficiado ao Excelent\u00edssimo Senhor Prefeito Municipal, solicitando de Sua Excel\u00eancia, </span></span></span><span><span><span>entrar em entendimento com o setor competente, no sentido de realizar</span></span></span><span><span><span><b> a</b></span></span></span><span><span><span> </span></span></span><span><span><span><b>limpeza de guias e fazer o cal\u00e7amento das ruas 1 e 9 no bairro Jardim Maria Luiza.</b></span></span></span></p>\r\n<p align=\"justify\" class=\"western\"><span><span><span><b>Indica\u00e7\u00e3o N\u00famero </b></span></span></span><span><span><span><b>251</b></span></span></span><span><span><span><b>/2021 - </b></span></span></span><span><span><span><b>JOS\u00c9 M\u00c1RIO SILVA DOS ANJOS (Bahia do Corte)</b></span></span></span><span><span><span><b> </b></span></span></span><span><span><span><b> </b></span></span></span><span><span><span><span>seja oficiado ao Excelent\u00edssimo Senhor Prefeito Municipal, solicitando de Sua Excel\u00eancia, </span></span></span></span><span><span><span><span>entrar em entendimento com o setor competente, no sentido de se colocar </span></span></span></span><span><span><span><b>ilumina\u00e7\u00e3o na rua 8, no bairro Jardim Lu\u00eds Ometto.</b></span></span></span></p>\r\n<p align=\"justify\" class=\"western\"><span><span><span><b>Indica\u00e7\u00e3o N\u00famero </b></span></span></span><span><span><span><b>252</b></span></span></span><span><span><span><b>/2021 - </b></span></span></span><span><span><span><b>JOS\u00c9 M\u00c1RIO SILVA DOS ANJOS (Bahia do Corte)</b></span></span></span><span><span><span><b> </b></span></span></span><span><span><span><b> </b></span></span></span><span><span><span><span>seja oficiado ao Excelent\u00edssimo Senhor Prefeito Municipal, solicitando de Sua Excel\u00eancia, </span></span></span></span><span><span><span><span>entrar em entendimento com o setor competente, no sentido de realizar a</span></span></span></span><span><span><span><b> opera\u00e7\u00e3o tapa-buracos nas ruas 12 e 08, localizadas no bairro Jardim Maria Luiza.</b></span></span></span></p>\r\n<p align=\"justify\" class=\"western\"><span><span><b>Indica\u00e7\u00e3o N\u00famero 253/2021 \u2013 LEANDRO HENRIQUE MORALLES (Leandro </b></span></span><span><span><b>Mancha)</b></span></span><span><span><b> </b></span></span><span><span><span>seja oficiado ao Excelent\u00edssimo Senhor Prefeito Municipal, solicitando de Sua Excel\u00eancia, </span></span></span><span><span><span>entrar em entendimento com o setor competente, no sentido de colocar </span></span></span><span><span><b>sinaliza\u00e7\u00e3o de placas adequadas e com grande visibilidade</b></span></span><span><span><b> na Rua das Magn\u00f3lias, localizada no bairro Jardim Primaveras.</b></span></span></p>\r\n<p align=\"justify\" class=\"western\"><span><span><b>Indica\u00e7\u00e3o N\u00famero 254/2021 \u2013 </b></span></span><span><span><b>MARLY LUZIA HELD PAV\u00c3O (Marly Pav\u00e3o) </b></span></span><span><span><span>seja oficiado ao Excelent\u00edssimo Senhor Prefeito Municipal, solicitando de Sua Excel\u00eancia, </span></span></span><span><span><span>entrar em entendimento com o setor competente, </span></span></span><span><span><b>no sentido realizar melhorias na ilumina\u00e7\u00e3o da Pra\u00e7a do Coreto.</b></span></span></p>\r\n<p align=\"justify\" class=\"western\"><span><span><b>Indica\u00e7\u00e3o N\u00famero 255/2021 \u2013 </b></span></span><span><span><b>MARLY LUZIA HELD PAV\u00c3O (Marly Pav\u00e3o) </b></span></span><span><span><span>seja oficiado ao Excelent\u00edssimo Senhor Prefeito Municipal, solicitando de Sua Excel\u00eancia, </span></span></span><span><span><span>entrar em entendimento com o setor competente, no sentido de se fazer a</span></span></span><span><span><b> troca das l\u00e2mpadas em todos os postes de ilumina\u00e7\u00e3o, inclusive da pra\u00e7a do bairro S\u00e3o Judas Tadeu, </b></span></span><span><span><span>ratificando a Indica\u00e7\u00e3o n\u00b0 060/2021, do vereador Bahia do Corte.</span></span></span></p>\r\n<p align=\"justify\" class=\"western\">\u00a0</p>\r\n<p align=\"center\" class=\"western\"><span><span><b>REQUERIMENTOS</b></span></span></p>\r\n<p align=\"justify\" class=\"western\">\u00a0</p>\r\n<p align=\"justify\"><span><span><span><b>Requerimento N\u00famero 116/2021 </b></span></span><span><span><b>\u2013 ALCIDES LUIS DE CARVALHO (Cid\u00e3o Mineiro) </b></span></span><span><span><span>seja oficiado ao Excelent\u00edssimo Sr.</span></span></span><span><span><b> DIRCEU BR\u00c1S PANO, </b></span></span><span><span><span>Dign\u00edssimo Prefeito Municipal, solicitando de Sua Excel\u00eancia, entrar em entendimento com o setor competente, </span></span></span><span><span><span><span>e informar por qual</span></span></span></span><span><span><span><b> motivo n\u00e3o foram atendidas as solicita\u00e7\u00f5es de constru\u00e7\u00e3o de um parquinho para crian\u00e7as e implementa\u00e7\u00e3o de academia ao ar livre, na Pra\u00e7a \u201cJaime Rocha Viana\u201d, constantes da Indica\u00e7\u00e3o n\u00ba 020/2021, de autoria deste Vereador.</b></span></span></span></span></p>\r\n<p align=\"justify\">\u00a0</p>\r\n<p align=\"justify\"><span><span><span><span><b>Requerimento N\u00famero 117/2021 </b></span></span></span><span><span><span><b>\u2013 </b></span></span></span><span><span><span><b>DIEGO RODRIGUES DE SOUZA (Diego Viveiros)</b></span></span></span><span><span><span><b> </b></span></span></span><span><span><span><span>seja oficiado ao Excelent\u00edssimo Senhor</span></span></span></span><span><span><span><b> DIRCEU BR\u00c1S PANO, </b></span></span></span><span><span><span><span>Dign\u00edssimo Prefeito Municipal, solicitando de Sua Excel\u00eancia informar qual a atual </span></span></span></span><span><span><span><b>situa\u00e7\u00e3o da Emenda n\u00ba 2020.064.19127, </b></span></span></span><span><span><span><span>indicada \u00e0 Secretaria de Infraestrutura e Meio Ambiente do Estado de S\u00e3o Paulo pelo Deputado Estadual Marcos Zerbini em favor do munic\u00edpio de Am\u00e9rico Brasiliense,</span></span></span></span><span><span><span><b> cujo objeto \u00e9 a constru\u00e7\u00e3o de um reservat\u00f3rio no bairro Jardim Planalto.</b></span></span></span></span></p>\r\n<p align=\"justify\">\u00a0</p>\r\n<p align=\"justify\"><span><span><span><span><b>Requerimento N\u00famero 118/2021 </b></span></span></span><span><span><span><b>\u2013 </b></span></span></span><span><span><span><b>DIEGO RODRIGUES DE SOUZA (Diego Viveiros)</b></span></span></span><span><span><span><b> </b></span></span></span><span><span><span><span>seja oficiado ao Excelent\u00edssimo Senhor </span></span></span></span><span><span><span><b>DIRCEU BR\u00c1S PANO, </b></span></span></span><span><span><span><span>Dign\u00edssimo Prefeito Municipal, solicitando de Sua Excel\u00eancia enviar a esta</span></span></span></span><span><span><span><b> Casa de Leis c\u00f3pias dos processos: </b></span></span></span><span><span><span style=\"text-decoration: none; \"><b>Processo n\u00ba 0192/2021 \u2013 Dispensa de Licita\u00e7\u00e3o n\u00ba 0102/2021 \u2013 Contrato n\u00ba 0203/2021;</b></span></span></span><span><span><span style=\"text-decoration: none; \"> e </span></span></span><span><span><span><span style=\"text-decoration: none; \"><b>Processo n\u00ba 0201/2021 \u2013 Dispensa de Licita\u00e7\u00e3o n\u00ba 0109/2021 \u2013 Contrato n\u00ba 0215/2021.</b></span></span></span></span></span></p>\r\n<p align=\"justify\" class=\"western\">\u00a0</p>\r\n<p align=\"justify\"><span><span><span><span><b>Requerimento N\u00famero 119/2021 </b></span></span></span><span><span><span><b>\u2013 </b></span></span></span><span><span><span><b>MARLY LUZIA HELD PAV\u00c3O (Marly Pav\u00e3o)</b></span></span></span><span><span><span><b> </b></span></span></span><span><span><span><span>seja oficiado ao Excelent\u00edssimo Sr. </span></span></span></span><span><span><span><b>DIRCEU BR\u00c1S PANO, </b></span></span></span><span><span><span><span>Dign\u00edssimo Prefeito Municipal, solicitando de Sua Excel\u00eancia, entrar em entendimento com o setor de Esportes, visando enviar a esta Casa de Leis</span></span></span></span><span><span><span><b> presta\u00e7\u00e3o de contas do aluguel do campo de futebol, nos meses dos anos de 2020 at\u00e9 a presente data.</b></span></span></span></span></p>\r\n<p align=\"justify\">\u00a0</p>\r\n<p align=\"justify\"><span><span><span><span><b>Requerimento N\u00famero 120/2021 </b></span></span></span><span><span><span><b>\u2013 </b></span></span></span><span><span><span><b>MARLY LUZIA HELD PAV\u00c3O (Marly Pav\u00e3o)</b></span></span></span><span><span><span><b> </b></span></span></span><span><span><span><span>seja oficiado ao Ilustr\u00edssimo Sr. </span></span></span></span><span><span><span><b>RICARDO GERAB, </b></span></span></span><span><span><span><span>Dign\u00edssimo Diretor de Opera\u00e7\u00f5es, e ao Ilustr\u00edssimo Sr. </span></span></span></span><span><span><span><b>MARCOS CARNEIRO, </b></span></span></span><span><span><span><span>Dign\u00edssimo Gerente, da Via Paulista, solicitando a possibilidade de estudar a viabilidade de realizar a</span></span></span></span><span><span><span><b> doa\u00e7\u00e3o de uma viatura para ser utilizada pelo Pelot\u00e3o da Pol\u00edcia Militar do munic\u00edpio de Am\u00e9rico Brasiliense. </b></span></span></span></span></p>\r\n<p align=\"justify\">\u00a0</p>\r\n<p align=\"justify\"><span><span><span><span><b>Requerimento N\u00famero 121/2021 </b></span></span></span><span><span><span><b>\u2013 </b></span></span></span><span><span><span><b>MARLY LUZIA HELD PAV\u00c3O (Marly Pav\u00e3o)</b></span></span></span><span><span><span><b> </b></span></span></span><span><span><span><span>seja oficiado ao Excelent\u00edssimo Sr.</span></span></span></span><span><span><span><b> DIRCEU BR\u00c1S PANO, </b></span></span></span><span><span><span><span>Dign\u00edssimo Prefeito Municipal, solicitando de Sua Excel\u00eancia, entrar em entendimento com o Diretor de Desenvolvimento Econ\u00f4mico, </span></span></span></span><span><span><span><b>Johnny Yokiti Morise, </b></span></span></span><span><span><span><span>visando informar a esta Casa de Leis </span></span></span></span><span><span><span><b>quais as empresas que se instalaram em nosso Munic\u00edpio nos anos de 2020 e 2021, e ainda, se h\u00e1 projetos para instala\u00e7\u00e3o de novas empresas.</b></span></span></span></span></p>\r\n<p align=\"justify\">\u00a0</p>\r\n<p align=\"center\"><span><span><span><b>MO\u00c7\u00d5ES</b></span></span></span></p>\r\n<p align=\"center\">\u00a0</p>\r\n<p align=\"justify\">\u00a0</p>\r\n<p align=\"justify\" class=\"western\"><span><span><b>Mo\u00e7\u00e3o N\u00famero </b></span></span><span><span><b>085</b></span></span><span><span><b>/2021 \u2013 </b></span></span><span><span><b>JOS\u00c9 ROBERTO DE ANDRADE (</b></span></span><span><span><span><b>Z\u00e9 Roberto) e JOS\u00c9 MA\u0154IO SILVA DOS ANJOS (Bahia do Corte) </b></span></span></span><span><span>seja registrado na Ata dos trabalhos de hoje, </span></span><span><span><b>MO\u00c7\u00c3O DE REP\u00daDIO </b></span></span><span><span><span>contra a inten\u00e7\u00e3o da ARTESP de implementar uma pra\u00e7a de ped\u00e1gio, na altura do km 255, que compreende os munic\u00edpios de Araraquara e Ibat\u00e9.</span></span></span></p>\r\n<p align=\"justify\"><span><span><span><span><b>Mo\u00e7\u00e3o N\u00famero 085/2021 \u2013</b></span></span></span><span><span><b> </b></span></span><span><span><b>LEANDRO HENRIQUE MORALLES (Mancha)</b></span></span><span><span><b> </b></span></span><span><span><span>s</span></span></span><span><span><span>eja consignado na ata dos trabalhos de hoje, voto de profundo pesar pelo falecimento da Senhora </span></span></span><span><span><b>MARIA IZABEL DA SILVA CAMARGO,</b></span></span><span><span><b> </b></span></span><span><span><span>Agente de Servi\u00e7os Diversos da EMEF Professor Virg\u00edlio Gomes, ocorrido no \u00faltimo dia 27.</span></span></span></span></p>\r\n<p align=\"justify\">\u00a0</p>\r\n<p align=\"justify\">\u00a0</p>\r\n<p align=\"justify\" class=\"western\">\u00a0</p>\r\n<p align=\"center\"><span><span><span><b>ORDEM DO DIA</b></span></span></span></p>\r\n<ul>\r\n<li>\r\n<p align=\"justify\" class=\"western\"><span><b>ITEM PRIMEIRO:</b></span><span> Requerimento de Urg\u00eancia Especial n\u00b0 020/2021, de autoria dos Vereadores Cid\u00e3o Mineiro, Dega da Padaria, Roberto da Anchieta, Silas da Sadia, Van do G\u00e1s e Z\u00e9 Roberto, que inclui na Ordem do Dia o PL n\u00b0 057/2021 \u2013 APROVADO.</span></p>\r\n</li>\r\n<li>\r\n<p align=\"justify\" class=\"western\"><span><b>ITEM SEGUNDO:</b></span><span> Projeto de Lei n\u00ba 057/2021, de autoria da Prefeitura Municipal de Am\u00e9rico Brasiliense, que disp\u00f5e sobre a abertura de cr\u00e9dito adicional especial e d\u00e1 outras provid\u00eancias \u2013 APROVADO.</span></p>\r\n</li>\r\n<li>\r\n<p align=\"justify\" class=\"western\"><a name=\"_Hlk86830961\"></a> <span><span><b>ITEM TERCEIRO: </b></span></span><span><span><span>Requerimento de Urg\u00eancia Especial n\u00b0 021/2021, de autoria dos Vereadores Cid\u00e3o Mineiro, Dega da Padaria, Roberto da Anchieta, Silas da Sadia, Van do G\u00e1s, Z\u00e9 Roberto, que inclui na Ordem do Dia o PL n\u00b0 058/2021 \u2013 APROVADO.</span></span></span></p>\r\n</li>\r\n<li>\r\n<p align=\"justify\" class=\"western\"><span><b>ITEM QUARTO:</b></span><span> Projeto de Lei n\u00ba 058/2021, de autoria da Prefeitura Municipal de Am\u00e9rico Brasiliense, que disp\u00f5e sobre a abertura de c\u0155edito adicional especial e d\u00e1 outras provid\u00eancias \u2013 APROVADO.</span></p>\r\n</li>\r\n</ul>\r\n<p align=\"justify\">\u00a0</p>\r\n<p align=\"justify\">\u00a0</p>\r\n<ul>\r\n<li>\r\n<p align=\"justify\" class=\"western\"><span><span>Para assistir a Sess\u00e3o na \u00edntegra, siga pelo link https://youtu.be/Ny4hTHkJzjQ</span></span></p>\r\n</li>\r\n</ul>\r\n<p align=\"justify\" class=\"western\">\u00a0</p>\r\n<ul>\r\n<li>\r\n<p align=\"justify\" class=\"western\"><span><span>Acompanhe tamb\u00e9m nosso Canal do Youtube - </span></span></p>\r\n</li>\r\n</ul>\r\n<p align=\"justify\" class=\"western\"><span><span style=\"text-decoration: underline; \"><span><span>https://www.youtube.com/channel/UCXkHkbDa_IEDbrqOJT_CgKA</span></span></span></span></p>\r\n<p align=\"justify\" class=\"western\">\u00a0</p>", "author_name": "administrador", "version": "1.0", "author_url": "https://camaraamericobrasiliense.sp.gov.br/author/administrador", "provider_name": "C\u00e2mara Municipal", "type": "rich"}