{"provider_url": "https://camaraamericobrasiliense.sp.gov.br", "title": "RESUMO SESS\u00c3O DO DIA 16/11", "html": "<p align=\"center\"><span><span><b>INDICA\u00c7\u00d5ES</b></span></span></p>\r\n<p align=\"justify\" class=\"western\">\u00a0</p>\r\n<p align=\"justify\" class=\"western\"><span><span><b>Indica\u00e7\u00e3o N\u00famero </b></span></span><span><span><b>256</b></span></span><span><span><b>/2021 \u2013 </b></span></span><span><span><span><b>ALCIDES LUIS DE CARVALHO (Cid\u00e3o Mineiro)</b></span></span></span><span><span> </span></span><span><span><span>seja oficiado ao Excelent\u00edssimo Senhor Prefeito Municipal, solicitando de Sua Excel\u00eancia, entrar em entendimento com o setor competente, no sentido de</span></span></span><span><span><b> </b></span></span><span><span><b>construir redutor de velocidade (lombada) na Rua Primo Faitanini, na altura do im\u00f3vel n\u00famero 31, no bairro Residencial Alian\u00e7a.</b></span></span></p>\r\n<p align=\"justify\" class=\"western\"><span><span><b>Indica\u00e7\u00e3o N\u00famero </b></span></span><span><span><b>257</b></span></span><span><span><b>/2021 \u2013 </b></span></span><span><span><span><b>ALCIDES LUIS DE CARVALHO (Cid\u00e3o Mineiro)</b></span></span></span><span><span><b> </b></span></span><span><span><span>s</span></span></span><span><span><span>eja oficiado ao Excelent\u00edssimo Senhor Prefeito Municipal, solicitando de Sua Excel\u00eancia, entrar em entendimento com o setor competente, </span></span></span><span><span><b>o sentido de construir sanit\u00e1rios ou instalar banheiros qu\u00edmicos </b></span></span><span><span><span>na Pra\u00e7a \u201cPietro Della Rovere\u201d, conhecida como Pra\u00e7a do Cruzeiro, a fim de melhor atender a popula\u00e7\u00e3o.</span></span></span></p>\r\n<p align=\"justify\" class=\"western\"><span><span><b>Indica\u00e7\u00e3o N\u00famero </b></span></span><span><span><b>258</b></span></span><span><span><b>/2021 - </b></span></span><span><span><span><b>JOS\u00c9 M\u00c1RIO SILVA DOS ANJOS (Bahia do Corte)</b></span></span></span><span><span> </span></span><span><span> </span></span><span><span><span>seja oficiado ao Excelent\u00edssimo Senhor Prefeito Municipal, solicitando de Sua Excel\u00eancia, </span></span></span><span><span><span>entrar em entendimento com o setor competente, </span></span></span><span><span><span><b>no sentido de realizar o reparo na bacia para reten\u00e7\u00e3o de \u00e1gua pluvial \u00e1rea que ser\u00e1 constru\u00eddo o Distrito Industrial, com o intuito de evitar futuros alagamentos.</b></span></span></span></p>\r\n<p align=\"justify\" class=\"western\"><span><span><span><b>Indica\u00e7\u00e3o N\u00famero </b></span></span></span><span><span><span><b>259</b></span></span></span><span><span><span><b>/2021 - </b></span></span></span><span><span><span><b>JOS\u00c9 M\u00c1RIO SILVA DOS ANJOS (Bahia do Corte)</b></span></span></span><span><span><span><b> </b></span></span></span><span><span><span><b> </b></span></span></span><span><span><span><span>seja oficiado ao Excelent\u00edssimo Senhor Prefeito Municipal, solicitando de Sua Excel\u00eancia, </span></span></span></span><span><span><span><span>entrar em entendimento com o setor competente, </span></span></span></span><span><span><span><b>no sentido de realizar a poda de \u00e1rvore na Rua Jos\u00e9 Carlesci, mais precisamente na altura do im\u00f3vel n\u00famero 436, localizado no bairro Jardim Santa Terezinha, </b></span></span></span><span><span><span><span>visto que a mesma oferece risco de queda e seus galhos ultrapassam os cabos de transmiss\u00e3o de energia el\u00e9trica.</span></span></span></span></p>\r\n<p align=\"justify\" class=\"western\"><span><span><span><b>Indica\u00e7\u00e3o N\u00famero </b></span></span></span><span><span><span><b>260</b></span></span></span><span><span><span><b>/2021 - </b></span></span></span><span><span><span><b>JOS\u00c9 M\u00c1RIO SILVA DOS ANJOS (Bahia do Corte)</b></span></span></span><span><span><span><b> </b></span></span></span><span><span><span><b> </b></span></span></span><span><span><span><span>seja oficiado ao Excelent\u00edssimo Senhor Prefeito Municipal, solicitando de Sua Excel\u00eancia, </span></span></span></span><span><span><span><span>entrar em entendimento com o setor competente, </span></span></span></span><span><span><span><b>no sentido de instalar lixeiras de coleta seletiva, e realizar a limpeza e manuten\u00e7\u00e3o da pra\u00e7a do bairro Jardim Luis Ometto, </b></span></span></span><span><span><span><span>no per\u00edodo de no m\u00ednimo quinze (15) dias, a fim de manter o conforto dos feirantes, consumidores e demais pessoas que prestigiam o evento semanalmente.</span></span></span></span></p>\r\n<p align=\"justify\" class=\"western\"><span><span><b>Indica\u00e7\u00e3o N\u00famero 261/2021 \u2013 </b></span></span><span><span><b>MARLY LUZIA HELD PAV\u00c3O (Marly Pav\u00e3o) </b></span></span><span><span><span>seja oficiado ao Excelent\u00edssimo Senhor Prefeito Municipal, solicitando de Sua Excel\u00eancia, </span></span></span><span><span><span>entrar em entendimento com o setor competente, </span></span></span><span><span><b>no sentido de sinalizar com faixa de proibido estacionamento de caminh\u00f5es, </b></span></span><span><span><span>em um raio de vinte (20) metros do pr\u00e9dio da Sociedade Esp\u00edrita Divino Mestre, localizado no Jardim Planalto.</span></span></span></p>\r\n<p align=\"justify\" class=\"western\"><span><span><b>Indica\u00e7\u00e3o N\u00famero 262/2021 \u2013 </b></span></span><span><span><b>MARLY LUZIA HELD PAV\u00c3O (Marly Pav\u00e3o) </b></span></span><span><span><span>seja oficiado ao Excelent\u00edssimo Senhor Prefeito Municipal, solicitando de Sua Excel\u00eancia, </span></span></span><span><span><span>entrar em entendimento com o setor competente, </span></span></span><span><span><b>no sentido de realizar a revis\u00e3o e manuten\u00e7\u00e3o de faixa de estacionamento na Rua Nicolau Carneiro Le\u00e3o, defronte ao im\u00f3vel n\u00famero 59, </b></span></span><span><span><span>inclusive com a implementa\u00e7\u00e3o de estacionamento para motocicletas, e ainda,</span></span></span><span><span><b> </b></span></span><span><span><span>que nas garagens das resid\u00eancias pr\u00f3ximas, seja devidamente sinalizado, de acordo com a legisla\u00e7\u00e3o de tr\u00e2nsito.</span></span></span></p>\r\n<p align=\"justify\" class=\"western\"><span><span><b>Indica\u00e7\u00e3o N\u00famero 263/2021 \u2013 </b></span></span><span><span><b>MARLY LUZIA HELD PAV\u00c3O (Marly Pav\u00e3o) </b></span></span><span><span><span>seja oficiado ao Excelent\u00edssimo Senhor Prefeito Municipal, solicitando de Sua Excel\u00eancia, </span></span></span><span><span><span>entrar em entendimento com o setor competente, </span></span></span><span><span><b>no sentido de estudar a possibilidade de fazer a convers\u00e3o da faixa da direita para a esquerda, sentido centro e final da via p\u00fablica, nas ruas Nicolau Carneiro Le\u00e3o e Jos\u00e9 Paulo Abi Jaudi.</b></span></span></p>\r\n<p align=\"justify\" class=\"western\"><span><span><b>Indica\u00e7\u00e3o N\u00famero 264/2021 \u2013 </b></span></span><span><span><span><span><b>ROBERTO RODRIGUES JOB</b></span></span></span></span><span><span><b> (Roberto da Anchieta) </b></span></span><span><span><span>seja oficiado ao Excelent\u00edssimo Senhor Prefeito Municipal, solicitando de Sua Excel\u00eancia, </span></span></span><span><span><span>entrar em entendimento com o setor competente, no sentido de realizar</span></span></span><span><span><b> o corte do pinheiro existente na Rua Luiz Gonzaga Maia, localizado no bairro Jaridm Recanto dos P\u00e1ssaros, </b></span></span><span><span><span>visto que o mesmo oferece risco de queda nas casas da proximidade.</span></span></span></p>\r\n<p align=\"justify\" class=\"western\"><span><span><b>Indica\u00e7\u00e3o N\u00famero 265/2021 \u2013 V</b></span></span><span><span><span><span><b>ALDEIR BEZERRA DA SILVA</b></span></span></span></span><span><span><b> (Dega da Padaria) </b></span></span><span><span><span>seja oficiado ao Excelent\u00edssimo Senhor Prefeito Municipal, solicitando de Sua Excel\u00eancia, </span></span></span><span><span><span>entrar em entendimento com o setor competente, no sentido de realizar</span></span></span><span><span><b> a poda de \u00e1rvores na conflu\u00eancia da Rua Manoel Borba com a Avenida Santa Catarina, </b></span></span><span><span><span>visto que as mesmas oferecem risco aos moradores do entorno, e servem de esconderijo para delinquentes.</span></span></span></p>\r\n<p align=\"justify\" class=\"western\"><span><span><b>Indica\u00e7\u00e3o N\u00famero 266/2021 \u2013 V</b></span></span><span><span><span><span><b>ALDEIR BEZERRA DA SILVA</b></span></span></span></span><span><span><b> (Dega da Padaria) </b></span></span><span><span><span>seja oficiado ao Excelent\u00edssimo Senhor Prefeito Municipal, solicitando de Sua Excel\u00eancia, </span></span></span><span><span><span>entrar em entendimento com o setor competente, no sentido de realizar</span></span></span><span><span><b> nivelar as bocas de bueiro com o asfalto, o trecho que compreende a Alameda Aldo Lupo, entre a Moura Mascarini e o bal\u00e3o da antiga Sadia, </b></span></span><span><span><span>com o objetivo de se prevenir poss\u00edveis acidentes.</span></span></span></p>\r\n<p align=\"center\" class=\"western\"><span><span><b>REQUERIMENTOS</b></span></span></p>\r\n<p align=\"justify\" class=\"western\">\u00a0</p>\r\n<p align=\"justify\"><span><span><span><b>Requerimento N\u00famero 122/2021 </b></span></span><span><span><b>\u2013 </b></span></span><span><span><span><b>JOS\u00c9 M\u00c1RIO SILVA DOS ANJOS (Bahia do Corte)</b></span></span></span><span><span><b> </b></span></span><span><span><span><span>seja oficiado \u00e0 Companhia Paulista de For\u00e7a e Luz \u2013 CPFL, </span></span></span></span><span><span><span><b>para a retirada ou realoca\u00e7\u00e3o do poste existente na Rua Aparecida Onofre de Godoy, no bairro Jardim Iraj\u00e1, </b></span></span></span><span><span><span><span>que atualmente se encontra na referida via p\u00fablica.</span></span></span></span></span></p>\r\n<p align=\"justify\">\u00a0</p>\r\n<p align=\"justify\"><span><span><span><b>Requerimento N\u00famero 123/2021 </b></span></span><span><span><b>\u2013 </b></span></span><span><span><span><b>JOS\u00c9 M\u00c1RIO SILVA DOS ANJOS (Bahia do Corte)</b></span></span></span><span><span><b> </b></span></span><span><span><span><span>seja oficiado \u00e0 Empresa Cruz, acerca da possibilidade de </span></span></span></span><span><span><span><b>alterar o hor\u00e1rio do itiner\u00e1rio Am\u00e9rico Brasiliense-Araraquara, via Hospital Estadual,</b></span></span></span><span><span><span><span> que atualmente sa\u00ed as 05:45h, antecipando para 05:30h, a fim de facilitar um grupo de mun\u00edcipes que trabalham em Araraquara, cujos turnos se iniciam as 06:00h.</span></span></span></span></span></p>\r\n<p align=\"justify\"><span><span><span><span><b>Requerimento N\u00famero 124/2021 </b></span></span></span><span><span><span><b>\u2013 </b></span></span></span><span><span><span><span><b>MAICON RIOS DE SOUZA (Maicon Rios)</b></span></span></span></span><span><span><span><b> </b></span></span></span><span><span><span><span>seja oficiado ao Excelent\u00edssimo Sr.</span></span></span></span><span><span><span><b> DIRCEU BR\u00c1S PANO, </b></span></span></span><span><span><span><span>Dign\u00edssimo Prefeito Municipal, solicitando de Sua Excel\u00eancia, entrar em entendimento com o Departamento respons\u00e1vel pela execu\u00e7\u00e3o fiscal, de forme que apresente a esta Casa de Leis: </span></span></span></span><span><span><span><b>n</b></span></span></span><span><span><b>omes dos contribuintes que negociaram d\u00edvidas nos \u00faltimos cinco (05) anos; informar o n\u00famero e/ou porcentagem de contribuintes que cumpriram os acordos integralmente; arrecada\u00e7\u00e3o do Munic\u00edpio dos \u00faltimos cinco (05) anos atrav\u00e9s de acordo de d\u00edvidas; e q</b></span></span><span><span><span><b>ual percentual e forma de repasse que a Procuradoria do Executivo recebeu dos referidos acordos.</b></span></span></span></span></p>\r\n<p align=\"justify\">\u00a0</p>\r\n<p align=\"justify\"><span><span><span><span><b>Requerimento N\u00famero 125/2021 </b></span></span></span><span><span><span><b>\u2013 </b></span></span></span><span><span><span><b>MARLY LUZIA HELD PAV\u00c3O (Marly Pav\u00e3o)</b></span></span></span><span><span><span><b> </b></span></span></span><span><span><span><span>seja oficiado ao Excelent\u00edssimo Sr. </span></span></span></span><span><span><span><b>DIRCEU BR\u00c1S PANO, </b></span></span></span><span><span><span><span>Dign\u00edssimo Prefeito Municipal, solicitando de Sua Excel\u00eancia, entrar em entendimento com o Diretor do Departamento de \u00c1gua Esgoto e Meio Ambiente - DAEMA, </span></span></span></span><span><span><span><b>visando informar a esta Casa de Leis acerca da N\u00c3O realiza\u00e7\u00e3o da dedetiza\u00e7\u00e3o da rede de esgotos com produtos que n\u00e3o agridam o meio ambiente.</b></span></span></span></span></p>\r\n<p align=\"justify\">\u00a0</p>\r\n<p align=\"justify\"><span><span><span><span><b>Requerimento N\u00famero 126/2021 </b></span></span></span><span><span><span><b>\u2013 SILAS FERNANDES PINTO</b></span></span></span><span><span><span><b> (</b></span></span></span><span><span><span><span><b>Silas da Sadia)</b></span></span></span></span><span><span><span><b> </b></span></span></span><span><span><span><span>seja oficiado ao Excelent\u00edssimo Sr.</span></span></span></span><span><span><span><b> DIRCEU BR\u00c1S PANO, </b></span></span></span><span><span><span><span>Dign\u00edssimo Prefeito Municipal, solicitando de Sua Excel\u00eancia, entrar em entendimento com o setor competente, a fim de informar a esta Casa de Leis, </span></span></span></span><span><span><span><b>o motivo do n\u00e3o atendimento da Indica\u00e7\u00e3o N\u00famero 101/2021, no qual indicava a contrata\u00e7\u00e3o de seguran\u00e7as nas escolas e unidades b\u00e1sicas de sa\u00fade, no per\u00edodo noturno.</b></span></span></span></span></p>\r\n<p align=\"justify\">\u00a0</p>\r\n<p align=\"justify\">\u00a0</p>\r\n<p align=\"center\"><span><span><span><b>MO\u00c7\u00d5ES</b></span></span></span></p>\r\n<p align=\"center\">\u00a0</p>\r\n<p align=\"justify\"><span><span><span><span><b>Mo\u00e7\u00e3o N\u00famero 087/2021 \u2013</b></span></span></span><span><span><b> </b></span></span><span><span><b>LEANDRO HENRIQUE MORALLES (Mancha)</b></span></span><span><span><b> </b></span></span><span><span><span>seja registrada na ata dos trabalhos de hoje, </span></span></span><span><span><b>MO\u00c7\u00c3O DE CONGRATULA\u00c7\u00d5ES ao Diretor do Desenvolvimento Econ\u00f4mico, Johnny Yokiti Morise, por articular com empres\u00e1rios da cidade, adquirindo doa\u00e7\u00e3o de cilindros de oxig\u00eanio e lixeiras.</b></span></span></span></p>\r\n<p align=\"justify\">\u00a0</p>\r\n<p align=\"justify\"><span><span><span><span><b>Mo\u00e7\u00e3o N\u00famero 088/2021 \u2013</b></span></span></span><span><span><b> </b></span></span><span><span><span><span><b>DIEGO RODRIGUES DE SOUZA (Diego Viveiros) </b></span></span></span></span><span><span><span><span><span>seja consignado na ata dos trabalhos de hoje, voto de profundo pesar pelo falecimento do Senhor</span></span></span></span></span><span><span><span><span><b> ANT\u00d4NIO BATISTA CHISTOVAM </b></span></span></span></span><span><span><span><span><span>ocorrido no \u00faltimo dia 10.</span></span></span></span></span></span></p>\r\n<p align=\"justify\">\u00a0</p>\r\n<p align=\"justify\"><span><span><span><span><span><b>Mo\u00e7\u00e3o N\u00famero 089/2021 \u2013</b></span></span></span></span><span><span><span><span><b> </b></span></span></span></span><span><span><span><span><b>DIEGO RODRIGUES DE SOUZA (Diego Viveiros) </b></span></span></span></span><span><span><span><span><span>seja consignado na ata dos trabalhos de hoje, voto de profundo pesar pelo falecimento do Senhor</span></span></span></span></span><span><span><span><span><b> PAULO BARBOSA </b></span></span></span></span><span><span><span><span><span>ocorrido no \u00faltimo dia 13.</span></span></span></span></span></span></p>\r\n<p align=\"justify\">\u00a0</p>\r\n<p align=\"justify\"><span><span><span><span><span><b>Mo\u00e7\u00e3o N\u00famero 093/2021 \u2013</b></span></span></span></span><span><span><span><span><b> </b></span></span></span></span><span><span><span><span><b>ALCIDES LUIS DE CARVALHO (Cid\u00e3o Mineiro) </b></span></span></span></span><span><span><span><span><span>seja consignado na ata dos trabalhos de hoje, voto de profundo pesar pelo falecimento do Senhor</span></span></span></span></span><span><span><span><span><b> PAULO CIRO C\u00c2MARA, </b></span></span></span></span><span><span><span><span><span>ocorrido no \u00faltimo dia 14.</span></span></span></span></span></span></p>\r\n<p align=\"justify\">\u00a0</p>\r\n<p align=\"justify\"><span><span><span><span><span><b>Mo\u00e7\u00e3o N\u00famero 094/2021 \u2013</b></span></span></span></span><span><span><span><span><b> </b></span></span></span></span><span><span><span><span><b>ALCIDES LUIS DE CARVALHO (Cid\u00e3o Mineiro) </b></span></span></span></span><span><span><span><span><span>seja consignado na ata dos trabalhos de hoje, voto de profundo pesar pelo falecimento do Senhor</span></span></span></span></span><span><span><span><span><b> JOS\u00c9 ARNALDO DOS SANTOS, </b></span></span></span></span><span><span><span><span><span>ocorrido no \u00faltimo dia 13.</span></span></span></span></span></span></p>\r\n<p align=\"justify\">\u00a0</p>\r\n<p align=\"justify\"><span><span><span><span><span><b>Mo\u00e7\u00e3o N\u00famero 095/2021 \u2013</b></span></span></span></span><span><span><span><span><b> </b></span></span></span></span><span><span><span><span><b>ALCIDES LUIS DE CARVALHO (Cid\u00e3o Mineiro) </b></span></span></span></span><span><span><span><span><span>seja consignado na ata dos trabalhos de hoje, voto de profundo pesar pelo falecimento da Senhora </span></span></span></span></span><span><span><span><span><b>ANGELINA SENA RIOS</b></span></span></span></span><span><span><span><span><span>, ocorrido no \u00faltimo dia 14.</span></span></span></span></span></span></p>\r\n<p align=\"justify\">\u00a0</p>\r\n<p align=\"justify\" class=\"western\">\u00a0</p>\r\n<p align=\"center\"><span><span><span><b>ORDEM DO DIA</b></span></span></span></p>\r\n<ul>\r\n<li>\r\n<p align=\"justify\" class=\"western\"><span><b>ITEM PRIMEIRO:</b></span><span> Requerimento de Urg\u00eancia Especial n\u00b0 022/2021, de autoria dos Vereadores Dega da Padaria, Roberto da Anchieta, Silas da Sadia, Van do G\u00e1s e Z\u00e9 Roberto e Z\u00e9lia Protetora dos Animais, que inclui na Ordem do Dia o PL n\u00b0 060/2021 \u2013 APROVADO.</span></p>\r\n</li>\r\n<li>\r\n<p align=\"justify\" class=\"western\"><span><b>ITEM SEGUNDO:</b></span><span> Projeto de Lei n\u00ba 060/2021, de autoria da Prefeitura Municipal de Am\u00e9rico Brasiliense, que disp\u00f5e sobre a abertura de cr\u00e9dito adicional especial e d\u00e1 outras provid\u00eancias \u2013 APROVADO.</span></p>\r\n</li>\r\n<li>\r\n<p align=\"justify\" class=\"western\"><a name=\"_Hlk86830961\"></a> <span><span><b>ITEM TERCEIRO: </b></span></span><span><span><span>Projeto de Lei Complementar n\u00b0 008/2021, de autoria da Prefeitura Municipal de Am\u00e9rico Brasiliense, que d</span></span></span><span><span><span><span><span><span><span>isp\u00f5e sobre a aliena\u00e7\u00e3o de bens im\u00f3veis pertencentes ao Munic\u00edpio de Am\u00e9rico Brasiliense e d\u00e1 outras provid\u00eancias</span></span></span></span></span></span></span><span><span><span> \u2013 APROVADO.</span></span></span></p>\r\n</li>\r\n<li>\r\n<p align=\"justify\" class=\"western\"><span><b>ITEM QUARTO:</b></span><span> Projeto de Lei n\u00ba 059/2021, de autoria da Prefeitura Municipal de Am\u00e9rico Brasiliense, que a</span><span><span><span><span><span><span><span>ltera dispositivo da Lei n\u00b0 2309, de 21 de agosto de 2020, e d\u00e1 outras provid\u00eancias</span></span></span></span></span></span></span><span><span><span><span><span><span><span> -</span></span></span></span></span></span></span><span> APROVADO.</span></p>\r\n</li>\r\n</ul>\r\n<p align=\"justify\">\u00a0</p>\r\n<p align=\"justify\">\u00a0</p>\r\n<ul>\r\n<li>\r\n<p align=\"justify\" class=\"western\"><span><span>Para assistir a Sess\u00e3o na \u00edntegra, siga pelo link https://youtu.be/oe09ExtBxDM</span></span></p>\r\n</li>\r\n</ul>\r\n<p align=\"justify\" class=\"western\">\u00a0</p>\r\n<ul>\r\n<li>\r\n<p align=\"justify\" class=\"western\"><span><span>Acompanhe tamb\u00e9m nosso Canal do Youtube - </span></span></p>\r\n</li>\r\n</ul>\r\n<p align=\"justify\" class=\"western\"><span><span style=\"text-decoration: underline; \"><span><span>https://www.youtube.com/channel/UCXkHkbDa_IEDbrqOJT_CgKA</span></span></span></span></p>\r\n<p align=\"justify\" class=\"western\">\u00a0</p>", "author_name": "administrador", "version": "1.0", "author_url": "https://camaraamericobrasiliense.sp.gov.br/author/administrador", "provider_name": "C\u00e2mara Municipal", "type": "rich"}